{"id":40670,"date":"2019-12-26T06:56:23","date_gmt":"2019-12-26T06:56:23","guid":{"rendered":"http:\/\/diariodominicano.ddns.net\/?p=40670"},"modified":"2019-12-26T06:56:23","modified_gmt":"2019-12-26T06:56:23","slug":"nuestra-america-latina","status":"publish","type":"post","link":"https:\/\/diariodominicano.com\/?p=40670","title":{"rendered":"Nuestra Am\u00e9rica Latina"},"content":{"rendered":"<p><body><\/p>\n<p><strong>Por: Frei Betto<\/strong><\/p>\n<\/p>\n<p>La Am\u00e9rica Latina, con sus 638 millones de habitantes, es hoy la regi\u00f3n m\u00e1s desigual del mundo. Tras una d\u00e9cada de reducci\u00f3n de la pobreza y la desigualdad, los \u00edndices vuelven a resultar preocupantes, debido a la evasi\u00f3n fiscal y el recorte de programas sociales. Como las econom\u00edas nacionales han retrocedido, hoy en d\u00eda un 20% de la poblaci\u00f3n se considera vulnerable. Y 122 millones de personas que salieron de la pobreza, pero no lograron incluirse en la clase media, podr\u00edan perder lo poco que obtuvieron.<\/p>\n<\/p>\n<p>En 2002, un 44,5% de los latinoamericanos viv\u00eda en la pobreza, de ellos el 11,2% en la miseria. Hoy en d\u00eda, vive entre la pobreza y la miseria el 30% de la poblaci\u00f3n del Continente, o sea, 210 millones de personas.<\/p>\n<\/p>\n<p>Ning\u00fan otro continente fue tan aplastado como el americano. En Asia predominan los ojos rasgados. En \u00c1frica, la poblaci\u00f3n negra. Aqu\u00ed escasean quienes tienen rasgos ind\u00edgenas. Se calcula que en el primer siglo de la colonizaci\u00f3n occidental los colonizadores europeos masacraron a 70 millones de indios.<\/p>\n<\/p>\n<p>A partir de 2014, la Am\u00e9rica Latina ha experimentado una fuerte ca\u00edda de su participaci\u00f3n en el comercio mundial, as\u00ed como una reducci\u00f3n relativa del precio de los principales productos suramericanos. Algunos pa\u00edses encabezan el aumento de la desigualdad en la regi\u00f3n: de lejos, Venezuela, debido a una recesi\u00f3n econ\u00f3mica sin precedentes, y tambi\u00e9n Brasil y Argentina.<\/p>\n<\/p>\n<p>Gracias a la instalaci\u00f3n de gobiernos progresistas en el Continente a partir de 1988, desde 2003 m\u00e1s de 72 millones de latinoamericanos salieron de la pobreza, seg\u00fan datos de Oxfam. Ello se debi\u00f3 al aumento del salario m\u00ednimo y del gasto p\u00fablico en pol\u00edticas sociales, y al perfeccionamiento de la educaci\u00f3n b\u00e1sica.<\/p>\n<\/p>\n<p>El actual reempobrecimiento de la poblaci\u00f3n no se deriva solamente de factores econ\u00f3micos como el fin del boom de las materias primas, sino tambi\u00e9n del recorte de las pol\u00edticas sociales, en especial en los pa\u00edses en que han ocurrido golpes parlamentarios, como Honduras, Paraguay y Brasil, y aquellos que en los \u00faltimos a\u00f1os han sido gobernados por presidentes neoliberales, como Argentina y Chile.<\/p>\n<\/p>\n<p>En materia de educaci\u00f3n, Brasil a\u00fan no ha alcanzado el nivel medio de los pa\u00edses latinoamericanos. Aqu\u00ed los alumnos de ense\u00f1anza media permanecen en la escuela cerca de cuatro horas diarias. El promedio continental es de seis horas.<\/p>\n<\/p>\n<p>La Am\u00e9rica Latina a\u00fan no ha encontrado su modelo de desarrollo sustentable. Todos los pa\u00edses siguen dependiendo de sus exportaciones, o sea, est\u00e1n sujetos a los intereses de las naciones metropolitanas y a las oscilaciones del mercado.<\/p>\n<\/p>\n<p>El Continente no tendr\u00e1 futuro mientras no alcance la justicia fiscal, es decir, el impuesto progresivo (quien m\u00e1s gana, m\u00e1s paga),la reducci\u00f3n de la corrupci\u00f3n y el aumento de los gastos en pol\u00edticas sociales.<\/p>\n<\/p>\n<p>En Brasil, el retroceso de los \u00edndices sociales aumenta con la aprobaci\u00f3n de las reformas laboral y del seguro social, que reducen sustancialmente derechos conquistados en las \u00faltimas siete d\u00e9cadas. Un an\u00e1lisis del Instituto de Estudios Socioecon\u00f3micos (Inesc), a partir de datos del Portal del Presupuesto del Senado, publicado en julio, demuestra que los cortes presupuestarios promovidos por Bolsonaro en los primeros seis meses de su gobierno no se concentraron en sectores hist\u00f3ricamente privilegiados, como el legislativo y el judicial, sino en \u00e1reas relacionadas con la garant\u00eda de los derechos humanos. La vivienda, la educaci\u00f3n, la defensa de la ciudadan\u00eda y sus derechos fueron las \u00e1reas m\u00e1s afectadas por la pol\u00edtica de recorte de recursos, que, de enero a junio de este a\u00f1o, ya suman 31 mil millones de reales. Eso significa menos empleo, menos viviendas, menos salud y educaci\u00f3n, menos pan en la mesa del brasile\u00f1o.<\/p>\n<p> CUBADEBATE<\/p>\n<\/p>\n<p>Publicado en: Unidad de Nuestra Am\u00e9rica<\/p>\n<p>En este art\u00edculo: Am\u00e9rica Latina, Am\u00e9rica Latina y el Caribe, Historia, Integraci\u00f3n, Pol\u00edtica<\/p>\n<p>25 diciembre 2019 | 2 | <\/p>\n<\/p>\n<p>Frei Betto es autor, entre otros libros, de Of\u00edcio de escrever (Rocco).<\/p>\n<\/p>\n<p>www.freibetto.org\/&gt; twitter:@freibetto.<\/p>\n<\/p>\n<p>Traducci\u00f3n de Esther Perez<\/p>\n<h6> 2019-12-26 06:56:23 <\/h6>\n<p><!--\n<link rel=\"stylesheet\" href=\"css\/bootstrap.min.css\">\n\n\n<ul class=\"pagination\">\n\t    \n\t\n\n<li >\n\t<a href='?page_no=385'>Previous<\/a>\n\t<\/li>\n\n\n       \n    \n\n<li><a href='?page_no=1'>1<\/a><\/li>\n\n\n\n<li><a href='?page_no=2'>2<\/a><\/li>\n\n\n\n<li><a>...<\/a><\/li>\n\n\n\n<li><a href='?page_no=384'>384<\/a><\/li>\n\n\n\n<li><a href='?page_no=385'>385<\/a><\/li>\n\n\n\n<li class='active'><a>386<\/a><\/li>\n\n\n\n<li><a href='?page_no=387'>387<\/a><\/li>\n\n\n\n<li><a href='?page_no=388'>388<\/a><\/li>\n\n\n\n<li><a>...<\/a><\/li>\n\n\n\n<li><a href='?page_no=13611'>13611<\/a><\/li>\n\n\n\n<li><a href='?page_no=13612'>13612<\/a><\/li>\n\n    \n\t\n\n<li >\n\t<a href='?page_no=387'>Next<\/a>\n\t<\/li>\n\n\n    \n\n<li><a href='?page_no=13612'>Last &rsaquo;&rsaquo;<\/a><\/li>\n\n<\/ul>\n\n\n--><br \/>\n<\/body><\/p>\n","protected":false},"excerpt":{"rendered":"<p>Por: Frei Betto La Am\u00e9rica Latina, con sus 638 millones de habitantes, es hoy la regi\u00f3n m\u00e1s desigual del mundo. Tras una d\u00e9cada de reducci\u00f3n de la pobreza y la desigualdad, los \u00edndices vuelven a resultar preocupantes, debido a la evasi\u00f3n fiscal y el recorte de programas sociales. Como las econom\u00edas nacionales han retrocedido, hoy [&hellip;]<\/p>\n","protected":false},"author":3,"featured_media":0,"comment_status":"open","ping_status":"open","sticky":false,"template":"","format":"standard","meta":{"footnotes":""},"categories":[16],"tags":[],"class_list":["post-40670","post","type-post","status-publish","format-standard","hentry","category-opiniones"],"_links":{"self":[{"href":"https:\/\/diariodominicano.com\/index.php?rest_route=\/wp\/v2\/posts\/40670","targetHints":{"allow":["GET"]}}],"collection":[{"href":"https:\/\/diariodominicano.com\/index.php?rest_route=\/wp\/v2\/posts"}],"about":[{"href":"https:\/\/diariodominicano.com\/index.php?rest_route=\/wp\/v2\/types\/post"}],"author":[{"embeddable":true,"href":"https:\/\/diariodominicano.com\/index.php?rest_route=\/wp\/v2\/users\/3"}],"replies":[{"embeddable":true,"href":"https:\/\/diariodominicano.com\/index.php?rest_route=%2Fwp%2Fv2%2Fcomments&post=40670"}],"version-history":[{"count":0,"href":"https:\/\/diariodominicano.com\/index.php?rest_route=\/wp\/v2\/posts\/40670\/revisions"}],"wp:attachment":[{"href":"https:\/\/diariodominicano.com\/index.php?rest_route=%2Fwp%2Fv2%2Fmedia&parent=40670"}],"wp:term":[{"taxonomy":"category","embeddable":true,"href":"https:\/\/diariodominicano.com\/index.php?rest_route=%2Fwp%2Fv2%2Fcategories&post=40670"},{"taxonomy":"post_tag","embeddable":true,"href":"https:\/\/diariodominicano.com\/index.php?rest_route=%2Fwp%2Fv2%2Ftags&post=40670"}],"curies":[{"name":"wp","href":"https:\/\/api.w.org\/{rel}","templated":true}]}}