{"id":406698,"date":"2022-12-31T19:18:00","date_gmt":"2022-12-31T23:18:00","guid":{"rendered":"http:\/\/diariodominicano.com\/?p=406698"},"modified":"2022-12-31T19:20:39","modified_gmt":"2022-12-31T23:20:39","slug":"policia-nacional-apresa-8-personas-les-ocupan-armas-de-fuego-estupefacientes-balanza-y-recupera-motocicletas-sustraidas-a-sus-propietarios","status":"publish","type":"post","link":"https:\/\/diariodominicano.com\/?p=406698","title":{"rendered":"Polic\u00eda Nacional apresa 8 personas les ocupan armas de fuego, estupefacientes, balanza y recupera motocicletas sustra\u00eddas a sus propietarios"},"content":{"rendered":"\n<p><\/p>\n\n\n\n<p>Santiago de los Caballeros, R.D. 31 de Diciembre &nbsp;del 2022.- Durante accionar policial en Santiago, agentes policiales apresaron ocho personas. Al  grupo se le ocup\u00f3 un arma de fuego sin documentos, diversas porciones de estupefacientes de diferentes tipos y recuper\u00f3 cinco motocicletas sustra\u00eddas a sus propietarios, en sectores pertenecientes a esta jurisdicci\u00f3n, inform\u00f3 el s\u00e1bado la Direcci\u00f3n Regional Cibao Central, Polic\u00eda Nacional.<\/p>\n\n\n\n<p>Los prevenidos son &nbsp;Adonis Leonardo Francisco de 31 a\u00f1os, quien al ser requisado se le ocup\u00f3 un arma de fuego marca Bryco Arms, calibre 380, momento que este se encontraba transitando por la avenida Bartolom\u00e9 Colon, a bordo de un carro.<\/p>\n\n\n\n<p>En el barrio el Semillero del distrito municipal Santiago Oeste, fueron arrestados Antony Manuel Mart\u00ednez, Yeudy B\u00e1ez, Esterl\u00edn Almonte, todos mayores de edad, ocup\u00e1ndole ocho porciones de un vegetal color verde, presumiblemente marihuana, 21 de un polvo blanco se presume es coca\u00edna, envueltas en recortes de fundas pl\u00e1sticas y la cantidad de tres pastillas, mientras que en el Ingenio fue ocupada una funda con cuatro radios, dos cargadores, una balanza, un foco.<\/p>\n\n\n\n<p>Adem\u00e1s en el sector La Yaguita de Pastor, fue detenido Anyelo Cecilio Santos de 30 a\u00f1os, ocup\u00e1ndole un vegetal verde presumiblemente marihuana, mientras que &nbsp;en La Otra Banda, fue apresado Erick Wiliam Adames, a quien le fue ocupada una porci\u00f3n de un polvo blanco presuntamente coca\u00edna.<\/p>\n\n\n\n<p>En otro orden, fueron recuperadas cuatro motocicletas entre ellas una marca Fenix, modelo 105MD, color azul chasis TARXCH2A9N6001538,<br>otra marca X1000, color blanco, chasis TBLCH19C5N1002505, una Virgo, modelo super cub, color azul, chasis Ldlxcfla5k1000937, (02) benye, modelo cg-150, color blanco, chasis Lbejlx19tla177324 ocupadas en poder de Avena Jonel de nacionalidad haitiana, las mismas hab\u00edan sido reportadas como robadas.<\/p>\n\n\n\n<p>Finalmente Jordy Manuel V\u00e1squez Cabrera a quien se le ocup\u00f3 la motocicleta marca Benye, modelo CG-150, color negro, placa k1909542, chasis Lbejlx14tka130869, la misma al ser depurada en nuestro centro de c\u00f3mputos figura con denuncia.<br><br>Los detenidos junto a lo ocupado en las pr\u00f3ximas horas, ser\u00e1n enviados al Ministerio P\u00fablico para los fines procedentes de ley.<\/p>\n\n\n\n<p>policia nacional<a target=\"_blank\" href=\"mailto:npolicia14@gmail.com\" rel=\"noreferrer noopener\">npolicia14@gmail.com<\/a><\/p>\n\n\n\n<p>OFICINA DE INFORMACI\u00d3N Y COMUNICACIONES ESTRAT\u00c9GICAS DIRECCI\u00d3N REGIONAL CIBAO CENTRAL DE LA POLIC\u00cdA NACIONAL.<\/p>\n","protected":false},"excerpt":{"rendered":"<p>Santiago de los Caballeros, R.D. 31 de Diciembre &nbsp;del 2022.- Durante accionar policial en Santiago, agentes policiales apresaron ocho personas. Al grupo se le ocup\u00f3 un arma de fuego sin documentos, diversas porciones de estupefacientes de diferentes tipos y recuper\u00f3 cinco motocicletas sustra\u00eddas a sus propietarios, en sectores pertenecientes a esta jurisdicci\u00f3n, inform\u00f3 el s\u00e1bado [&hellip;]<\/p>\n","protected":false},"author":28,"featured_media":406699,"comment_status":"closed","ping_status":"","sticky":true,"template":"","format":"standard","meta":{"footnotes":""},"categories":[24,29,27],"tags":[],"class_list":["post-406698","post","type-post","status-publish","format-standard","has-post-thumbnail","hentry","category-justicia-y-derecho","category-policiasucesos","category-portada"],"_links":{"self":[{"href":"https:\/\/diariodominicano.com\/index.php?rest_route=\/wp\/v2\/posts\/406698","targetHints":{"allow":["GET"]}}],"collection":[{"href":"https:\/\/diariodominicano.com\/index.php?rest_route=\/wp\/v2\/posts"}],"about":[{"href":"https:\/\/diariodominicano.com\/index.php?rest_route=\/wp\/v2\/types\/post"}],"author":[{"embeddable":true,"href":"https:\/\/diariodominicano.com\/index.php?rest_route=\/wp\/v2\/users\/28"}],"replies":[{"embeddable":true,"href":"https:\/\/diariodominicano.com\/index.php?rest_route=%2Fwp%2Fv2%2Fcomments&post=406698"}],"version-history":[{"count":2,"href":"https:\/\/diariodominicano.com\/index.php?rest_route=\/wp\/v2\/posts\/406698\/revisions"}],"predecessor-version":[{"id":406701,"href":"https:\/\/diariodominicano.com\/index.php?rest_route=\/wp\/v2\/posts\/406698\/revisions\/406701"}],"wp:featuredmedia":[{"embeddable":true,"href":"https:\/\/diariodominicano.com\/index.php?rest_route=\/wp\/v2\/media\/406699"}],"wp:attachment":[{"href":"https:\/\/diariodominicano.com\/index.php?rest_route=%2Fwp%2Fv2%2Fmedia&parent=406698"}],"wp:term":[{"taxonomy":"category","embeddable":true,"href":"https:\/\/diariodominicano.com\/index.php?rest_route=%2Fwp%2Fv2%2Fcategories&post=406698"},{"taxonomy":"post_tag","embeddable":true,"href":"https:\/\/diariodominicano.com\/index.php?rest_route=%2Fwp%2Fv2%2Ftags&post=406698"}],"curies":[{"name":"wp","href":"https:\/\/api.w.org\/{rel}","templated":true}]}}