{"id":406624,"date":"2022-12-30T22:35:23","date_gmt":"2022-12-31T02:35:23","guid":{"rendered":"http:\/\/diariodominicano.com\/?p=406624"},"modified":"2022-12-30T22:35:30","modified_gmt":"2022-12-31T02:35:30","slug":"cuba-festejara-jornada-cultural-por-el-triunfo-de-la-revolucion","status":"publish","type":"post","link":"https:\/\/diariodominicano.com\/?p=406624","title":{"rendered":"Cuba festejar\u00e1 jornada cultural por el triunfo de la Revoluci\u00f3n"},"content":{"rendered":"\n<p>La Habana, 30 dic (Prensa Latina) Cuba festejar\u00e1 una jornada cultural por el triunfo de la Revoluci\u00f3n este 1 de enero con una amplia programaci\u00f3n de bailables, inform\u00f3 hoy el Ministerio de Cultura.&nbsp;&nbsp;&nbsp;&nbsp;<\/p>\n\n\n\n<ul class=\"wp-block-list\"><li>diciembre 30, 2022<\/li><li>CST19:22 (GMT) -0500<\/li><\/ul>\n\n\n\n<p>Bajo el lema, Juntar y Vencer, la propuesta incluye presentaciones de varios artistas y agrupaciones cubanos como, C\u00e1ndido Fabr\u00e9, Alain P\u00e9rez, Arnaldo y su Talism\u00e1n, Pachito Alonso y los Kini Kini, Klimax, Bamboleo, Pupy y los que Son Son, Haila y su Grupo, Anacaona y Oderquis Rev\u00e9.<\/p>\n\n\n\n<p>El programa, que culminar\u00e1 el 8 de enero, tambi\u00e9n comprender\u00e1 espect\u00e1culos con las interpretaciones de Paulo FG, Az\u00facar Negra, Orquesta Arag\u00f3n, Yumur\u00ed y sus Hermanos, Charanga Forever, NG la Banda y JG.<\/p>\n\n\n\n<p>Seg\u00fan el presidente del Consejo Nacional de Casas de Cultura, Diango Gonz\u00e1lez, la intenci\u00f3n principal de estas iniciativas es que los festejos lleguen a las comunidades y territorios, a partir de sus propias condiciones y posibilidades, con el objetivo de poner a bailar a toda Cuba, de una u otra manera, ya sea con m\u00fasica grabada o en vivo.<\/p>\n\n\n\n<p>El funcionario indic\u00f3 que para lograrlo cuentan con las fortalezas de m\u00e1s de 350 casas de cultura, los instructores de arte y de danza, adem\u00e1s de los m\u00e1s de 400 proyectos comunitarios y los representantes del movimiento de artistas aficionados que han sido convocados.<\/p>\n\n\n\n<p>Como parte de esa jornada, el Ballet Nacional de Cuba ofrecer\u00e1 una gala, bajo la direcci\u00f3n de la primera bailarina, Viengsay Vald\u00e9s, en la sala Avellaneda del Teatro Nacional de Cuba.<\/p>\n\n\n\n<p>El espect\u00e1culo re\u00fane selecciones de ballets cl\u00e1sicos en las reconocidas versiones de Alicia Alonso, que tambi\u00e9n se ofrecer\u00e1n al p\u00fablico los d\u00edas 6, 7, 8, 14 y 15 de enero.<\/p>\n\n\n\n<p>Estas propuestas est\u00e1n dise\u00f1adas para generar una programaci\u00f3n art\u00edstica para todos los intereses, los diferentes grupos etarios y poblacionales.<\/p>\n\n\n\n<p>jha\/mml\/yap<\/p>\n","protected":false},"excerpt":{"rendered":"<p>La Habana, 30 dic (Prensa Latina) Cuba festejar\u00e1 una jornada cultural por el triunfo de la Revoluci\u00f3n este 1 de enero con una amplia programaci\u00f3n de bailables, inform\u00f3 hoy el Ministerio de Cultura.&nbsp;&nbsp;&nbsp;&nbsp; diciembre 30, 2022 CST19:22 (GMT) -0500 Bajo el lema, Juntar y Vencer, la propuesta incluye presentaciones de varios artistas y agrupaciones cubanos [&hellip;]<\/p>\n","protected":false},"author":28,"featured_media":406625,"comment_status":"closed","ping_status":"","sticky":true,"template":"","format":"standard","meta":{"footnotes":""},"categories":[26,23,27],"tags":[],"class_list":["post-406624","post","type-post","status-publish","format-standard","has-post-thumbnail","hentry","category-efemerides","category-internacional","category-portada"],"_links":{"self":[{"href":"https:\/\/diariodominicano.com\/index.php?rest_route=\/wp\/v2\/posts\/406624","targetHints":{"allow":["GET"]}}],"collection":[{"href":"https:\/\/diariodominicano.com\/index.php?rest_route=\/wp\/v2\/posts"}],"about":[{"href":"https:\/\/diariodominicano.com\/index.php?rest_route=\/wp\/v2\/types\/post"}],"author":[{"embeddable":true,"href":"https:\/\/diariodominicano.com\/index.php?rest_route=\/wp\/v2\/users\/28"}],"replies":[{"embeddable":true,"href":"https:\/\/diariodominicano.com\/index.php?rest_route=%2Fwp%2Fv2%2Fcomments&post=406624"}],"version-history":[{"count":1,"href":"https:\/\/diariodominicano.com\/index.php?rest_route=\/wp\/v2\/posts\/406624\/revisions"}],"predecessor-version":[{"id":406626,"href":"https:\/\/diariodominicano.com\/index.php?rest_route=\/wp\/v2\/posts\/406624\/revisions\/406626"}],"wp:featuredmedia":[{"embeddable":true,"href":"https:\/\/diariodominicano.com\/index.php?rest_route=\/wp\/v2\/media\/406625"}],"wp:attachment":[{"href":"https:\/\/diariodominicano.com\/index.php?rest_route=%2Fwp%2Fv2%2Fmedia&parent=406624"}],"wp:term":[{"taxonomy":"category","embeddable":true,"href":"https:\/\/diariodominicano.com\/index.php?rest_route=%2Fwp%2Fv2%2Fcategories&post=406624"},{"taxonomy":"post_tag","embeddable":true,"href":"https:\/\/diariodominicano.com\/index.php?rest_route=%2Fwp%2Fv2%2Ftags&post=406624"}],"curies":[{"name":"wp","href":"https:\/\/api.w.org\/{rel}","templated":true}]}}