{"id":406619,"date":"2022-12-30T22:22:53","date_gmt":"2022-12-31T02:22:53","guid":{"rendered":"http:\/\/diariodominicano.com\/?p=406619"},"modified":"2022-12-30T22:31:00","modified_gmt":"2022-12-31T02:31:00","slug":"trujillo-y-franco-dos-generalisimos-3","status":"publish","type":"post","link":"https:\/\/diariodominicano.com\/?p=406619","title":{"rendered":"TRUJILLO Y FRANCO: DOS GENERAL\u00cdSIMOS (3)"},"content":{"rendered":"\n<p>Los general\u00edsimos Rafael Le\u00f3nidas Trujillo y Francisco Franco.<\/p>\n\n\n\n<p><strong>POR TE\u00d3FILO LAPPOT ROBLES<\/strong><\/p>\n\n\n\n<p>La etiolog\u00eda de la conducta criminal de los general\u00edsimos Trujillo y Franco permite afirmar que mantuvieron su capacidad de matar hasta el \u00faltimo momento de su existencia.<\/p>\n\n\n\n<p>Ambos ten\u00edan fija en la mente una especie de \u201cconspiranoia\u201d, eso que en este diciembre del 2022 la Real Academia ha agregado al Diccionario de la Lengua Espa\u00f1ola para definir la tendencia de ciertos individuos a ver en cualquier hecho una conspiraci\u00f3n.<\/p>\n\n\n\n<p>Los registros hist\u00f3ricos consignan que el 1 de octubre de 1975 (un mes y d\u00edas antes de su muerte) Franco pronunci\u00f3 un ominoso discurso en la plaza de Oriente, en el coraz\u00f3n de la zona antigua de Madrid, en la cual lanz\u00f3 graves acusaciones generalizadas alegando que estaba en curso una conspiraci\u00f3n \u201cmas\u00f3nica y comunista\u201d en su contra.<\/p>\n\n\n\n<p>Los espa\u00f1oles fusilados el 27 de septiembre de 1975 en Barcelona, Burgos y Madrid fueron la reafirmaci\u00f3n del matonismo del caudillo de El Ferrol y su camarilla, la cual al final de su oprobioso r\u00e9gimen estaba formada por facciones en pugna, especialmente falangistas, tradicionalistas y miembros del&nbsp; Opus Dei.<\/p>\n\n\n\n<figure class=\"wp-block-image size-full is-resized\"><img loading=\"lazy\" decoding=\"async\" src=\"https:\/\/diariodominicano.com\/wp-content\/uploads\/2022\/10\/Trujillo-La-Tragica-aventura-del-poder.jpg\" alt=\"\" class=\"wp-image-386927\" width=\"616\" height=\"752\" srcset=\"https:\/\/diariodominicano.com\/wp-content\/uploads\/2022\/10\/Trujillo-La-Tragica-aventura-del-poder.jpg 720w, https:\/\/diariodominicano.com\/wp-content\/uploads\/2022\/10\/Trujillo-La-Tragica-aventura-del-poder-245x300.jpg 245w\" sizes=\"auto, (max-width: 616px) 100vw, 616px\" \/><figcaption>Portada del libro de Robert D. Crassweller: \u00abTrujillo la Tr\u00e1gica Aventura del Poder Personal.<\/figcaption><\/figure>\n\n\n\n<p>En lo referente a Trujillo es v\u00e1lido decir que algunos libros de novedades policiales de su \u00faltima semana con vida son un retrato fiel del terror que su perversidad implant\u00f3 en el pa\u00eds.<\/p>\n\n\n\n<p>A pesar de lo anterior ambos general\u00edsimos terminaron siendo espectros de lo que fueron en el apogeo de sus respectivos mandos supremos.<\/p>\n\n\n\n<p>Prueba de lo anterior se ve al verificar que en sus d\u00edas finales Trujillo hizo circular un anuncio en el que ofrec\u00eda sus \u201cconocimientos\u201d para curar enfermedades, incluyendo a lo que en el pa\u00eds se le dice \u201cpecho apretao.\u201d<\/p>\n\n\n\n<p>En la \u00faltima d\u00e9cada del gobierno franquista Espa\u00f1a estaba cada vez m\u00e1s aislada del exterior. Por infidencias salidas de su c\u00edrculo m\u00e1s \u00edntimo se supo despu\u00e9s que Franco dirigi\u00f3 sus \u00faltimos consejos de gobierno con los esf\u00ednteres descontrolados.<\/p>\n\n\n\n<figure class=\"wp-block-image size-full\"><img loading=\"lazy\" decoding=\"async\" width=\"188\" height=\"156\" src=\"https:\/\/diariodominicano.com\/wp-content\/uploads\/2022\/12\/Trujillo-y-Franco.jpg\" alt=\"\" class=\"wp-image-404288\"\/><figcaption> Los general\u00edsimos Rafael Le\u00f3nidas Trujillo y Francisco Franco. <\/figcaption><\/figure>\n\n\n\n<p>Trujillo y Franco coincidieron siempre en tomar medidas dr\u00e1sticas para eliminar cualquier asomo de ataques a su seguridad personal o para hacer trizas cualesquiera amenazas a su poder absoluto. Los hechos, que son el crisol de la verdad, amparan ese axioma.<\/p>\n\n\n\n<p>Pero es v\u00e1lido decir que entre ellos hab\u00eda matices en ese aspecto, pues el caudillo ib\u00e9rico siempre tomaba sus recaudos, protegiendo su persona con una impresionante parafernalia de seguridad. El s\u00e1trapa criollo, en cambio, cuando fue abatido s\u00f3lo iba acompa\u00f1ado de su chofer, el mayor del Ej\u00e9rcito Nacional Zacar\u00edas De la Cruz.<\/p>\n\n\n\n<p>El uruguayo Eduardo Galeano escribi\u00f3 una frase que bien puede aplicarse a las malsanas ejecutorias de esos dos general\u00edsimos: \u201cEscribieron el pr\u00f3logo y el ep\u00edlogo del mismo libro.\u201d<\/p>\n\n\n\n<p>Por lo que se conoci\u00f3 luego, ambos general\u00edsimos fueron incubando sus ambiciones de poder desde las barracas militares donde comenzaron a dar sus primeros pasos como hombres de armas.<\/p>\n\n\n\n<p>Trujillo trabaj\u00f3 como telegrafista durante 3 a\u00f1os, pero luego se convirti\u00f3 en ladr\u00f3n de caballos, vacas y otros semovientes, as\u00ed como falsificador de documentos p\u00fablicos y privados. Por esos delitos guard\u00f3 prisi\u00f3n m\u00e1s de una vez. Un pariente suyo logr\u00f3 que lo nombraran como guarda campestre del ingenio Boca Chica.<\/p>\n\n\n\n<p>Ese puesto de vigilante ca\u00f1ero era de escaso inter\u00e9s para sus ambiciones. De esa tarea mon\u00f3tona pas\u00f3 unos meses (1918) en la escuela militar que funcionaba en la comunidad de Haina, San Crist\u00f3bal.<\/p>\n\n\n\n<p>En enero de 1919 lo designaron como segundo teniente de la Guardia Nacional Dominicana, entonces encabezada por un coronel norteamericano de apellido Williams. El pa\u00eds estaba invadido desde el 1916 por tropas de los EE.UU.<\/p>\n\n\n\n<p>Hasta el 1924 hab\u00eda llegado a capit\u00e1n (le saltaron el rango de primer teniente en pago a sus servicios a los invasores), pero a partir de ese a\u00f1o ascendi\u00f3 de manera mete\u00f3rica.<\/p>\n\n\n\n<p>El&nbsp; 1 de octubre de dicho a\u00f1o lo hicieron mayor. El 6 de diciembre de 1924 fue elevado a teniente coronel. El 28 de junio de 1925 fue promovido a coronel y designado Comandante de la Polic\u00eda Nacional.<\/p>\n\n\n\n<p>El 13 de agosto de 1927 fue impulsado a general de brigada, con la calidad de Jefe del Ej\u00e9rcito. Fue una desatinada decisi\u00f3n del a la saz\u00f3n presidente de la Rep\u00fablica, Horacio V\u00e1squez, quien cay\u00f3 rendido ante las falsas genuflexiones de Trujillo, ya para esa \u00e9poca experto en marear la perdiz, como dice el dicho popular.<\/p>\n\n\n\n<p>Mezclando oportunidades con su ambici\u00f3n personal Trujillo cre\u00f3 poco tiempo despu\u00e9s las condiciones para hacer caer a Horacio V\u00e1squez, quien desoy\u00f3 opiniones sensatas sobre las maniobras golpistas del jefe del Ej\u00e9rcito.<\/p>\n\n\n\n<p>Franco ingres\u00f3 al cuerpo de oficiales del ej\u00e9rcito de tierra de Espa\u00f1a&nbsp; el 13 de julio de 1910. Su primer destino fue el VIII Regimiento de Zamora.<\/p>\n\n\n\n<p>Luego estar\u00eda en varios lugares, destac\u00e1ndose su presencia en Ceuta, Melilla y Tetu\u00e1n, enclaves de Espa\u00f1a en el norte de \u00c1frica.<\/p>\n\n\n\n<p>Franco fue subiendo de rango hasta que en marzo del 1934 el presidente Alejandro Lerroux lo hizo general de divisi\u00f3n. En ese momento fue el general m\u00e1s joven de Europa.<\/p>\n\n\n\n<p>En noviembre de ese mismo a\u00f1o el referido presidente le otorg\u00f3 la Gran Cruz del M\u00e9rito Militar. Para no alargar este relato debo decir que a partir de ah\u00ed comenz\u00f3 a consolidarse la figura de Franco como el m\u00e1ximo exponente del militarismo en Espa\u00f1a, aunque otros ten\u00edan m\u00e1s rango que \u00e9l.<\/p>\n\n\n\n<p>Fuerzas poderosas unieron por un largo tiempo a ambos general\u00edsimos. Era un arco de intereses pol\u00edticos, econ\u00f3micos, sociales e incluso fachadas culturales.<\/p>\n\n\n\n<p>DR. TEOFILO LAPPOT<a target=\"_blank\" href=\"mailto:teofilolappot@gmail.com\" rel=\"noreferrer noopener\">teofilolappot@gmail.com<\/a><\/p>\n","protected":false},"excerpt":{"rendered":"<p>Los general\u00edsimos Rafael Le\u00f3nidas Trujillo y Francisco Franco. POR TE\u00d3FILO LAPPOT ROBLES La etiolog\u00eda de la conducta criminal de los general\u00edsimos Trujillo y Franco permite afirmar que mantuvieron su capacidad de matar hasta el \u00faltimo momento de su existencia. Ambos ten\u00edan fija en la mente una especie de \u201cconspiranoia\u201d, eso que en este diciembre del [&hellip;]<\/p>\n","protected":false},"author":28,"featured_media":404291,"comment_status":"closed","ping_status":"","sticky":true,"template":"","format":"standard","meta":{"footnotes":""},"categories":[21,36,26,27],"tags":[],"class_list":["post-406619","post","type-post","status-publish","format-standard","has-post-thumbnail","hentry","category-cultura","category-hombresmujeresycosas","category-efemerides","category-portada"],"_links":{"self":[{"href":"https:\/\/diariodominicano.com\/index.php?rest_route=\/wp\/v2\/posts\/406619","targetHints":{"allow":["GET"]}}],"collection":[{"href":"https:\/\/diariodominicano.com\/index.php?rest_route=\/wp\/v2\/posts"}],"about":[{"href":"https:\/\/diariodominicano.com\/index.php?rest_route=\/wp\/v2\/types\/post"}],"author":[{"embeddable":true,"href":"https:\/\/diariodominicano.com\/index.php?rest_route=\/wp\/v2\/users\/28"}],"replies":[{"embeddable":true,"href":"https:\/\/diariodominicano.com\/index.php?rest_route=%2Fwp%2Fv2%2Fcomments&post=406619"}],"version-history":[{"count":4,"href":"https:\/\/diariodominicano.com\/index.php?rest_route=\/wp\/v2\/posts\/406619\/revisions"}],"predecessor-version":[{"id":406623,"href":"https:\/\/diariodominicano.com\/index.php?rest_route=\/wp\/v2\/posts\/406619\/revisions\/406623"}],"wp:featuredmedia":[{"embeddable":true,"href":"https:\/\/diariodominicano.com\/index.php?rest_route=\/wp\/v2\/media\/404291"}],"wp:attachment":[{"href":"https:\/\/diariodominicano.com\/index.php?rest_route=%2Fwp%2Fv2%2Fmedia&parent=406619"}],"wp:term":[{"taxonomy":"category","embeddable":true,"href":"https:\/\/diariodominicano.com\/index.php?rest_route=%2Fwp%2Fv2%2Fcategories&post=406619"},{"taxonomy":"post_tag","embeddable":true,"href":"https:\/\/diariodominicano.com\/index.php?rest_route=%2Fwp%2Fv2%2Ftags&post=406619"}],"curies":[{"name":"wp","href":"https:\/\/api.w.org\/{rel}","templated":true}]}}