{"id":406564,"date":"2022-12-30T15:35:15","date_gmt":"2022-12-30T19:35:15","guid":{"rendered":"http:\/\/diariodominicano.com\/?p=406564"},"modified":"2022-12-30T15:35:15","modified_gmt":"2022-12-30T19:35:15","slug":"policia-apresa-hombre-acusado-de-ultimar-adolescente-y-herir-a-otro-en-hechos-ocurridos-en-santiago","status":"publish","type":"post","link":"https:\/\/diariodominicano.com\/?p=406564","title":{"rendered":"Polic\u00eda apresa hombre acusado de ultimar adolescente y herir a otro, en hechos ocurridos en Santiago"},"content":{"rendered":"\n<p><\/p>\n\n\n\n<p><strong>Santiago RD., 30 de Diciembre 2022.-<\/strong>\u00a0Mediante una ardua labor de inteligencia, seguimiento y acciones operativas, agentes del Departamento de Homicidios con asiento en esta ciudad, junto al Ministerio P\u00fablico, apresaron ayer mediante orden de arresto No. 09086-2022, un hombre involucrado en la muerte a tiros de un menor y herir a otro, hechos ocurridos el 10 de\u00a0\u00a0octubre y el 22 de diciembre del presente a\u00f1o, inform\u00f3 el viernes la Direcci\u00f3n Regional Cibao Central, Polic\u00eda Nacional.<\/p>\n\n\n\n<p>Identific\u00f3 al detenido como Julio Regalado P\u00e9rez (Julito), 29 a\u00f1os de edad, quien en compa\u00f1\u00eda de Anderson Enmanuel Rosario Ortega, (Nenengo y\/ o\u00a0\u00a0Sometido, quien en compa\u00f1\u00eda de otra persona que es perseguida por el mismo hecho, ultimaron de bala al menor de 15 a\u00f1os Edwin Enmanuel Garc\u00eda Lara (Manuel), hecho ocurrido en el ensanche Berm\u00fadez. el 18 de octubre del 2022<\/p>\n\n\n\n<p>Tambi\u00e9n result\u00f3 con heridas de bala un menor de 17 a\u00f1os en el sector Villa Ol\u00edmpica,&nbsp;&nbsp;durante&nbsp;&nbsp;un conflicto por asuntos de drogas en fecha 22 de diciembre del presente a\u00f1o.<\/p>\n\n\n\n<p>Julio Regalado al ser depurado en los archivos policiales, figura con dos registros,&nbsp;&nbsp;uno por Homicidio en fecha 13-08-2016 y otro por asalto en fecha 22-03-2021.<\/p>\n\n\n\n<p>El detenido se encuentra bajo el control del Ministerio P\u00fablico para los fines de ley correspondientes.<\/p>\n\n\n\n<p>policia nacional<a target=\"_blank\" href=\"mailto:npolicia14@gmail.com\" rel=\"noreferrer noopener\">npolicia14@gmail.com<\/a><\/p>\n\n\n\n<p><strong>OFICINA DE INFORMACI\u00d3N Y COMUNICACIONES ESTRAT\u00c9GICAS DIRECCI\u00d3N REGIONAL CIBAO CENTRAL DE LA POLIC\u00cdA NACIONAL<\/strong><\/p>\n","protected":false},"excerpt":{"rendered":"<p>Santiago RD., 30 de Diciembre 2022.-\u00a0Mediante una ardua labor de inteligencia, seguimiento y acciones operativas, agentes del Departamento de Homicidios con asiento en esta ciudad, junto al Ministerio P\u00fablico, apresaron ayer mediante orden de arresto No. 09086-2022, un hombre involucrado en la muerte a tiros de un menor y herir a otro, hechos ocurridos el [&hellip;]<\/p>\n","protected":false},"author":28,"featured_media":406565,"comment_status":"closed","ping_status":"","sticky":true,"template":"","format":"standard","meta":{"footnotes":""},"categories":[29,27],"tags":[],"class_list":["post-406564","post","type-post","status-publish","format-standard","has-post-thumbnail","hentry","category-policiasucesos","category-portada"],"_links":{"self":[{"href":"https:\/\/diariodominicano.com\/index.php?rest_route=\/wp\/v2\/posts\/406564","targetHints":{"allow":["GET"]}}],"collection":[{"href":"https:\/\/diariodominicano.com\/index.php?rest_route=\/wp\/v2\/posts"}],"about":[{"href":"https:\/\/diariodominicano.com\/index.php?rest_route=\/wp\/v2\/types\/post"}],"author":[{"embeddable":true,"href":"https:\/\/diariodominicano.com\/index.php?rest_route=\/wp\/v2\/users\/28"}],"replies":[{"embeddable":true,"href":"https:\/\/diariodominicano.com\/index.php?rest_route=%2Fwp%2Fv2%2Fcomments&post=406564"}],"version-history":[{"count":1,"href":"https:\/\/diariodominicano.com\/index.php?rest_route=\/wp\/v2\/posts\/406564\/revisions"}],"predecessor-version":[{"id":406566,"href":"https:\/\/diariodominicano.com\/index.php?rest_route=\/wp\/v2\/posts\/406564\/revisions\/406566"}],"wp:featuredmedia":[{"embeddable":true,"href":"https:\/\/diariodominicano.com\/index.php?rest_route=\/wp\/v2\/media\/406565"}],"wp:attachment":[{"href":"https:\/\/diariodominicano.com\/index.php?rest_route=%2Fwp%2Fv2%2Fmedia&parent=406564"}],"wp:term":[{"taxonomy":"category","embeddable":true,"href":"https:\/\/diariodominicano.com\/index.php?rest_route=%2Fwp%2Fv2%2Fcategories&post=406564"},{"taxonomy":"post_tag","embeddable":true,"href":"https:\/\/diariodominicano.com\/index.php?rest_route=%2Fwp%2Fv2%2Ftags&post=406564"}],"curies":[{"name":"wp","href":"https:\/\/api.w.org\/{rel}","templated":true}]}}