{"id":406457,"date":"2022-12-30T00:22:18","date_gmt":"2022-12-30T04:22:18","guid":{"rendered":"http:\/\/diariodominicano.com\/?p=406457"},"modified":"2022-12-30T00:22:56","modified_gmt":"2022-12-30T04:22:56","slug":"fallecidos-y-heridos-por-armas-de-fuego-en-eua-durante-2022","status":"publish","type":"post","link":"https:\/\/diariodominicano.com\/?p=406457","title":{"rendered":"Fallecidos y heridos por armas de fuego en EUA durante 2022"},"content":{"rendered":"\n<p><strong>Por Ram\u00f3n Mercedes<\/strong><\/p>\n\n\n\n<p><strong>NUEVA YORK.-&nbsp;<\/strong>A solo 48 horas para terminar el 2022 las estad\u00edsticas sobre el uso y violencia con armas de fuego durante el presente a\u00f1o, hasta este viernes, en el territorio estadounidense son las siguientes:<\/p>\n\n\n\n<p>El total de fallecidos por balas suman 43,894, y los heridas 38,109, algunos de gravedad. De la cantidad de muertes 19,936 fueron por homicidios y 23,958 por suicidio.<\/p>\n\n\n\n<p>Los menores de 11 a\u00f1os fueron 307 los fallecidos y 671 heridos, algunos de gravedad. Los adolescentes entre los 12 y 17 a\u00f1os, fallecidos suman 1,334 y 3,751 heridos, algunos de gravedad.<\/p>\n\n\n\n<p>Asimismo, 70 agentes policiales han ca\u00eddo, incluyendo los dominicanos Jason Rivera, de 22 a\u00f1os, y Wilbert Mora, de 27 a\u00f1os, acribillados en el sector de Harlem en Manhattan cuando acudieron a principio de este a\u00f1o a una llamada de emergencia.<\/p>\n\n\n\n<p>Tambi\u00e9n han ca\u00eddo 1,149 civiles a manos de los agentes policiales y 1,582 heridos, algunos de gravedad. Durante el presente a\u00f1o han ocurrido 643 tiroteos masivos (aquellos que suceden en contra de cuatro o m\u00e1s personas reunidas). 36 personas han fallecido en estas circunstancias.<\/p>\n\n\n\n<p>Estas estad\u00edsticas son proporcionadas por la entidad \u201cArchivo de Violencia Armada (GVA)\u00bb, con sede en Washington CD, que se encarga de documentar incidentes de violencia armada y delitos con armas de fuego en el territorio estadounidense.<\/p>\n","protected":false},"excerpt":{"rendered":"<p>Por Ram\u00f3n Mercedes NUEVA YORK.-&nbsp;A solo 48 horas para terminar el 2022 las estad\u00edsticas sobre el uso y violencia con armas de fuego durante el presente a\u00f1o, hasta este viernes, en el territorio estadounidense son las siguientes: El total de fallecidos por balas suman 43,894, y los heridas 38,109, algunos de gravedad. De la cantidad [&hellip;]<\/p>\n","protected":false},"author":28,"featured_media":406458,"comment_status":"closed","ping_status":"","sticky":true,"template":"","format":"standard","meta":{"footnotes":""},"categories":[23,29,27],"tags":[],"class_list":["post-406457","post","type-post","status-publish","format-standard","has-post-thumbnail","hentry","category-internacional","category-policiasucesos","category-portada"],"_links":{"self":[{"href":"https:\/\/diariodominicano.com\/index.php?rest_route=\/wp\/v2\/posts\/406457","targetHints":{"allow":["GET"]}}],"collection":[{"href":"https:\/\/diariodominicano.com\/index.php?rest_route=\/wp\/v2\/posts"}],"about":[{"href":"https:\/\/diariodominicano.com\/index.php?rest_route=\/wp\/v2\/types\/post"}],"author":[{"embeddable":true,"href":"https:\/\/diariodominicano.com\/index.php?rest_route=\/wp\/v2\/users\/28"}],"replies":[{"embeddable":true,"href":"https:\/\/diariodominicano.com\/index.php?rest_route=%2Fwp%2Fv2%2Fcomments&post=406457"}],"version-history":[{"count":1,"href":"https:\/\/diariodominicano.com\/index.php?rest_route=\/wp\/v2\/posts\/406457\/revisions"}],"predecessor-version":[{"id":406459,"href":"https:\/\/diariodominicano.com\/index.php?rest_route=\/wp\/v2\/posts\/406457\/revisions\/406459"}],"wp:featuredmedia":[{"embeddable":true,"href":"https:\/\/diariodominicano.com\/index.php?rest_route=\/wp\/v2\/media\/406458"}],"wp:attachment":[{"href":"https:\/\/diariodominicano.com\/index.php?rest_route=%2Fwp%2Fv2%2Fmedia&parent=406457"}],"wp:term":[{"taxonomy":"category","embeddable":true,"href":"https:\/\/diariodominicano.com\/index.php?rest_route=%2Fwp%2Fv2%2Fcategories&post=406457"},{"taxonomy":"post_tag","embeddable":true,"href":"https:\/\/diariodominicano.com\/index.php?rest_route=%2Fwp%2Fv2%2Ftags&post=406457"}],"curies":[{"name":"wp","href":"https:\/\/api.w.org\/{rel}","templated":true}]}}