{"id":406445,"date":"2022-12-30T00:00:53","date_gmt":"2022-12-30T04:00:53","guid":{"rendered":"http:\/\/diariodominicano.com\/?p=406445"},"modified":"2022-12-30T00:00:53","modified_gmt":"2022-12-30T04:00:53","slug":"arrestan-agentes-federales-a-duena-de-armeria-en-puerto-rico","status":"publish","type":"post","link":"https:\/\/diariodominicano.com\/?p=406445","title":{"rendered":"Arrestan agentes federales a due\u00f1a de armer\u00eda en Puerto Rico"},"content":{"rendered":"\n<h1 class=\"wp-block-heading\"><\/h1>\n\n\n\n<p>San Juan, 29 dic (Prensa Latina) Cuando crecen los cr\u00edmenes violentos en las calles de diversas ciudades de Puerto Rico, la reconocida comerciante Eileen Mudafort Fern\u00e1ndez, due\u00f1a de una armer\u00eda en San Juan, fue arrestada hoy por agentes federales.&nbsp;&nbsp;&nbsp;&nbsp;<\/p>\n\n\n\n<ul class=\"wp-block-list\"><li>diciembre 29, 2022<\/li><li>CST22:31 (GMT) -0500<\/li><\/ul>\n\n\n\n<p>El apresamiento de la propietaria de la armer\u00eda Mudafort Extreme Sports &amp; Motorsports, en el sector capitalino de Santurce, fue imputada en la v\u00edspera por un gran jurado federal en el Tribunal de Distrito de Estados Unidos en Puerto Rico de formar parte de un esquema de tr\u00e1fico de armas.<\/p>\n\n\n\n<p>En una audiencia ante el juez federal Bruce J. McGiverin se acus\u00f3 a la connotada empresaria de disponer de una pistola modificada a petici\u00f3n de un delincuente y de no mantener, como exige la ley, r\u00e9cords de armas vendidas en su negocio desde 2016.<\/p>\n\n\n\n<p>Agentes del Bur\u00f3 de Alcohol, Tabaco, Armas y Explosivos (ATF) arrestaron a Mudafort Fern\u00e1ndez, quien hizo alegato de inocencia representada por el abogado Luis Rivera Rodr\u00edguez.<\/p>\n\n\n\n<p>De ser declarada culpable, la comerciante se expone a un m\u00e1ximo de cinco a\u00f1os de c\u00e1rcel, otros tres de libertad supervisada y una multa de hasta 250 mil d\u00f3lares.<\/p>\n\n\n\n<p>La fiscal federal Linette Su\u00e1rez accedi\u00f3 al otorgamiento de libertad bajo fianza de 30 mil d\u00f3lares, con la condici\u00f3n de que Mudafort Fern\u00e1ndez entregue a las autoridades cualquier arma de fuego que posea, y que no trabaje en una armer\u00eda debido a la naturaleza de los delitos imputados.<\/p>\n\n\n\n<p>Tambi\u00e9n solicit\u00f3 pidi\u00f3 al juez federal que la acusada se someta a pruebas de dopaje.<\/p>\n\n\n\n<p>jha\/nrm<\/p>\n","protected":false},"excerpt":{"rendered":"<p>San Juan, 29 dic (Prensa Latina) Cuando crecen los cr\u00edmenes violentos en las calles de diversas ciudades de Puerto Rico, la reconocida comerciante Eileen Mudafort Fern\u00e1ndez, due\u00f1a de una armer\u00eda en San Juan, fue arrestada hoy por agentes federales.&nbsp;&nbsp;&nbsp;&nbsp; diciembre 29, 2022 CST22:31 (GMT) -0500 El apresamiento de la propietaria de la armer\u00eda Mudafort Extreme [&hellip;]<\/p>\n","protected":false},"author":28,"featured_media":0,"comment_status":"closed","ping_status":"","sticky":false,"template":"","format":"standard","meta":{"footnotes":""},"categories":[23,29],"tags":[],"class_list":["post-406445","post","type-post","status-publish","format-standard","hentry","category-internacional","category-policiasucesos"],"_links":{"self":[{"href":"https:\/\/diariodominicano.com\/index.php?rest_route=\/wp\/v2\/posts\/406445","targetHints":{"allow":["GET"]}}],"collection":[{"href":"https:\/\/diariodominicano.com\/index.php?rest_route=\/wp\/v2\/posts"}],"about":[{"href":"https:\/\/diariodominicano.com\/index.php?rest_route=\/wp\/v2\/types\/post"}],"author":[{"embeddable":true,"href":"https:\/\/diariodominicano.com\/index.php?rest_route=\/wp\/v2\/users\/28"}],"replies":[{"embeddable":true,"href":"https:\/\/diariodominicano.com\/index.php?rest_route=%2Fwp%2Fv2%2Fcomments&post=406445"}],"version-history":[{"count":1,"href":"https:\/\/diariodominicano.com\/index.php?rest_route=\/wp\/v2\/posts\/406445\/revisions"}],"predecessor-version":[{"id":406446,"href":"https:\/\/diariodominicano.com\/index.php?rest_route=\/wp\/v2\/posts\/406445\/revisions\/406446"}],"wp:attachment":[{"href":"https:\/\/diariodominicano.com\/index.php?rest_route=%2Fwp%2Fv2%2Fmedia&parent=406445"}],"wp:term":[{"taxonomy":"category","embeddable":true,"href":"https:\/\/diariodominicano.com\/index.php?rest_route=%2Fwp%2Fv2%2Fcategories&post=406445"},{"taxonomy":"post_tag","embeddable":true,"href":"https:\/\/diariodominicano.com\/index.php?rest_route=%2Fwp%2Fv2%2Ftags&post=406445"}],"curies":[{"name":"wp","href":"https:\/\/api.w.org\/{rel}","templated":true}]}}