{"id":406285,"date":"2022-12-29T12:58:26","date_gmt":"2022-12-29T16:58:26","guid":{"rendered":"http:\/\/diariodominicano.com\/?p=406285"},"modified":"2022-12-29T12:58:54","modified_gmt":"2022-12-29T16:58:54","slug":"policia-nacional-reporta-apresa-dos-personas-por-separado-les-ocupa-drogas-y-balanza","status":"publish","type":"post","link":"https:\/\/diariodominicano.com\/?p=406285","title":{"rendered":"Polic\u00eda Nacional reporta apresa dos personas por separado les ocupa drogas y balanza"},"content":{"rendered":"\n<p>Tambi\u00e9n recupera dos veh\u00edculos sustra\u00eddos a sus ocupantes.<\/p>\n\n\n\n<p><strong>Santiago de los Caballeros, R.D. 29 de diciembre \u00a0de 2022<\/strong>.- La Polic\u00eda Nacional inform\u00f3 el jueves que en intervenciones focalizadas durante las \u00faltimas 24 horas, \u00a0apres\u00f3 y envi\u00f3 a la acci\u00f3n de la justicia dos personas y recuper\u00f3 dos veh\u00edculos en esta provincia.<\/p>\n\n\n\n<p>Entre los prevenidos figura Jeffrey Rafael Pe\u00f1a de 34 a\u00f1os, quien al ser requisado le fue ocupada 17 pastilla de diferentes colores, presumiblemente \u00e9xtasis, una porci\u00f3n de un vegetal se presume es marihuana, un cigarro del mismo vegetal y cartucho calibre 12.<\/p>\n\n\n\n<p>En el sector Los Cacaos del municipio Tamboril, fue detenido Frankeli Mart\u00ednez Mart\u00ednez, \u201cBABA\u201d de 30 a\u00f1os, ocup\u00e1ndole una porci\u00f3n de un vegetal verde presumiblemente marihuana.<\/p>\n\n\n\n<p>&nbsp;En Gurabo fue ocupada una porci\u00f3n de un material rocoso, presuntamente &nbsp;crack y una balanza, las cuales fueron dejada abandonada por unos individuos al notar la presencia policial.<\/p>\n\n\n\n<p>La PN tambi\u00e9n inform\u00f3 que fueron recuperados por agentes del Departamento de Recuperaci\u00f3n de Veh\u00edculos, la Jeepeta Honda CR-V 4WD, color marr\u00f3n, placa G412171 y el cami\u00f3n \u00a0Daihatsu, modelo HUET, color azul, placa L163954, los mismos fueron sustra\u00eddos a sus propietarios.<\/p>\n\n\n\n<p>Los detenidos junto a lo ocupado en las pr\u00f3ximas horas, ser\u00e1n enviados al Ministerio P\u00fablico para los fines procedentes de ley.<\/p>\n\n\n\n<p>policia nacional<a target=\"_blank\" href=\"mailto:npolicia14@gmail.com\" rel=\"noreferrer noopener\">npolicia14@gmail.com<\/a><\/p>\n\n\n\n<p>OFICINA DE INFORMACI\u00d3N Y COMUNICACIONES ESTRAT\u00c9GICAS DIRECCI\u00d3N REGIONAL CIBAO CENTRAL DE LA POLIC\u00cdA NACIONAL.<\/p>\n","protected":false},"excerpt":{"rendered":"<p>Tambi\u00e9n recupera dos veh\u00edculos sustra\u00eddos a sus ocupantes. Santiago de los Caballeros, R.D. 29 de diciembre \u00a0de 2022.- La Polic\u00eda Nacional inform\u00f3 el jueves que en intervenciones focalizadas durante las \u00faltimas 24 horas, \u00a0apres\u00f3 y envi\u00f3 a la acci\u00f3n de la justicia dos personas y recuper\u00f3 dos veh\u00edculos en esta provincia. Entre los prevenidos figura [&hellip;]<\/p>\n","protected":false},"author":28,"featured_media":271338,"comment_status":"closed","ping_status":"","sticky":true,"template":"","format":"standard","meta":{"footnotes":""},"categories":[29,27],"tags":[],"class_list":["post-406285","post","type-post","status-publish","format-standard","has-post-thumbnail","hentry","category-policiasucesos","category-portada"],"_links":{"self":[{"href":"https:\/\/diariodominicano.com\/index.php?rest_route=\/wp\/v2\/posts\/406285","targetHints":{"allow":["GET"]}}],"collection":[{"href":"https:\/\/diariodominicano.com\/index.php?rest_route=\/wp\/v2\/posts"}],"about":[{"href":"https:\/\/diariodominicano.com\/index.php?rest_route=\/wp\/v2\/types\/post"}],"author":[{"embeddable":true,"href":"https:\/\/diariodominicano.com\/index.php?rest_route=\/wp\/v2\/users\/28"}],"replies":[{"embeddable":true,"href":"https:\/\/diariodominicano.com\/index.php?rest_route=%2Fwp%2Fv2%2Fcomments&post=406285"}],"version-history":[{"count":2,"href":"https:\/\/diariodominicano.com\/index.php?rest_route=\/wp\/v2\/posts\/406285\/revisions"}],"predecessor-version":[{"id":406288,"href":"https:\/\/diariodominicano.com\/index.php?rest_route=\/wp\/v2\/posts\/406285\/revisions\/406288"}],"wp:featuredmedia":[{"embeddable":true,"href":"https:\/\/diariodominicano.com\/index.php?rest_route=\/wp\/v2\/media\/271338"}],"wp:attachment":[{"href":"https:\/\/diariodominicano.com\/index.php?rest_route=%2Fwp%2Fv2%2Fmedia&parent=406285"}],"wp:term":[{"taxonomy":"category","embeddable":true,"href":"https:\/\/diariodominicano.com\/index.php?rest_route=%2Fwp%2Fv2%2Fcategories&post=406285"},{"taxonomy":"post_tag","embeddable":true,"href":"https:\/\/diariodominicano.com\/index.php?rest_route=%2Fwp%2Fv2%2Ftags&post=406285"}],"curies":[{"name":"wp","href":"https:\/\/api.w.org\/{rel}","templated":true}]}}