{"id":40592,"date":"2019-12-30T23:05:30","date_gmt":"2019-12-30T23:05:30","guid":{"rendered":"http:\/\/diariodominicano.ddns.net\/?p=40592"},"modified":"2019-12-30T23:05:30","modified_gmt":"2019-12-30T23:05:30","slug":"se-va-el-19","status":"publish","type":"post","link":"https:\/\/diariodominicano.com\/?p=40592","title":{"rendered":"SE VA EL 19"},"content":{"rendered":"<p><body><\/p>\n<p><strong>Diariodominicano.com<\/strong><\/p>\n<p><strong>SE VA EL 19<\/strong><\/p>\n<p><strong>Por Narciso Isa Conde<\/strong><\/p>\n<\/p>\n<p>Parece que fue ayer el inicio de este siglo, pero han pasado  19 a\u00f1os. Estamos despidiendo el 2019 y todav\u00eda bregando con la decadencia de este r\u00e9gimen y otros similares en el Continente, aunque podemos decir con orgullo que el pueblo movilizado de verde por tres a\u00f1os consecutivos logr\u00f3 ahora romperle parcialmente la \u00absiquitrilla\u00bb<\/p>\n<\/p>\n<p>La fractura del PLD (partido-Estado-corporaci\u00f3n) equivale a quiebra de la dictadura institucionalizada y posiblemente de sus veintes a\u00f1os de gobierno, no as\u00ed al fin del sistema de corrupci\u00f3n e impunidad a cargo del actual r\u00e9gimen de partidos y c\u00fapulas de la clase capitalista  y facciones militares-policiales gansterizadas.<\/p>\n<\/p>\n<p>Esta victoria parcial es de Marcha Verde y de los movimientos sociales que confluyeron en ella para librar esta lucha anti-impunidad esencialmente pol\u00edtica, en la que los partidos tradicionales y las instituciones quedaron maltrechos, pero todav\u00eda con vida.<\/p>\n<\/p>\n<p>El hueso result\u00f3 m\u00e1s duro de roer que los que muchos pensaron. Las mordidas verdes lograron sobretodo erosionar en mayor grado su parte morada, sin lograr todav\u00eda carcomerlo todo.<\/p>\n<\/p>\n<p> El hueso conserv\u00f3 as\u00ed partes de sus debilitadas estructuras, lo suficiente ?ayudadas por el sector m\u00e1s conservador de los in\u00edciales impulsores del movimiento verde- para intentar nuevamente, por la v\u00eda de unas elecciones a su servicio, la reproducci\u00f3n de la institucionalidad decadente y el r\u00e9gimen de impunidad con la preeminencia de  otros actores del sistema.<\/p>\n<\/p>\n<p>En eso est\u00e1n sus cuestionados protagonistas camino al 2020, a\u00f1o en el que ya desde su inicio electoral podr\u00eda afirmarse, que en cuanto a  su composici\u00f3n,  Gobierno y Estado resultantes, posiblemente habr\u00e1n de tener otra configuraci\u00f3n y  mayor fragilidad, a consecuencia de una grave divisi\u00f3n y desgaste de sus agentes de control.<\/p>\n<\/p>\n<p>Tendr\u00e1n lugar cambios de rostros con mayores fracturas sist\u00e9micas. Un desgaste acumulado mayor y una conciencia popular contestataria de calado m\u00e1s profundo, agregando los desgarramientos que podr\u00edan producirse en febrero y mayo, dentro de una competencia en la que prima lograr impunidad y oportunidades para robar y saquear a cualquier precio.<\/p>\n<\/p>\n<p>Cierra el 2019 y la configuraci\u00f3n del cambio real sigue pendiente, en buena medida diferido, montado sobre una clase dominante-gobernante que no cesa de exhibir su degradaci\u00f3n, una crisis econ\u00f3mica en gestaci\u00f3n, un neoliberalismo  continentalmente impugnado y un d\u00e9ficit de alternativa que dilata la necesaria ruptura.<\/p>\n<\/p>\n<p>De ah\u00ed el valor de cara al 2020 de la asunci\u00f3n de la lucha por un Cambio Radica Pro-Constituyente, que desmonte la institucionalidad pervertida y promueva la creaci\u00f3n de un nuevo Estado con nuevas normas, impactado por nuevos actores sociales y pol\u00edticos. (Domingo 29-12-19)<\/p>\n<\/p>\n<p>Zona de los archivos adjuntos<\/p>\n<h6> 2019-12-30 23:05:30 <\/h6>\n<p><!--\n<link rel=\"stylesheet\" href=\"css\/bootstrap.min.css\">\n\n\n<ul class=\"pagination\">\n\t    \n\t\n\n<li >\n\t<a href='?page_no=378'>Previous<\/a>\n\t<\/li>\n\n\n       \n    \n\n<li><a href='?page_no=1'>1<\/a><\/li>\n\n\n\n<li><a href='?page_no=2'>2<\/a><\/li>\n\n\n\n<li><a>...<\/a><\/li>\n\n\n\n<li><a href='?page_no=377'>377<\/a><\/li>\n\n\n\n<li><a href='?page_no=378'>378<\/a><\/li>\n\n\n\n<li class='active'><a>379<\/a><\/li>\n\n\n\n<li><a href='?page_no=380'>380<\/a><\/li>\n\n\n\n<li><a href='?page_no=381'>381<\/a><\/li>\n\n\n\n<li><a>...<\/a><\/li>\n\n\n\n<li><a href='?page_no=13611'>13611<\/a><\/li>\n\n\n\n<li><a href='?page_no=13612'>13612<\/a><\/li>\n\n    \n\t\n\n<li >\n\t<a href='?page_no=380'>Next<\/a>\n\t<\/li>\n\n\n    \n\n<li><a href='?page_no=13612'>Last &rsaquo;&rsaquo;<\/a><\/li>\n\n<\/ul>\n\n\n--><br \/>\n<\/body><\/p>\n","protected":false},"excerpt":{"rendered":"<p>Diariodominicano.com SE VA EL 19 Por Narciso Isa Conde Parece que fue ayer el inicio de este siglo, pero han pasado 19 a\u00f1os. Estamos despidiendo el 2019 y todav\u00eda bregando con la decadencia de este r\u00e9gimen y otros similares en el Continente, aunque podemos decir con orgullo que el pueblo movilizado de verde por tres [&hellip;]<\/p>\n","protected":false},"author":3,"featured_media":0,"comment_status":"open","ping_status":"open","sticky":false,"template":"","format":"standard","meta":{"footnotes":""},"categories":[16],"tags":[],"class_list":["post-40592","post","type-post","status-publish","format-standard","hentry","category-opiniones"],"_links":{"self":[{"href":"https:\/\/diariodominicano.com\/index.php?rest_route=\/wp\/v2\/posts\/40592","targetHints":{"allow":["GET"]}}],"collection":[{"href":"https:\/\/diariodominicano.com\/index.php?rest_route=\/wp\/v2\/posts"}],"about":[{"href":"https:\/\/diariodominicano.com\/index.php?rest_route=\/wp\/v2\/types\/post"}],"author":[{"embeddable":true,"href":"https:\/\/diariodominicano.com\/index.php?rest_route=\/wp\/v2\/users\/3"}],"replies":[{"embeddable":true,"href":"https:\/\/diariodominicano.com\/index.php?rest_route=%2Fwp%2Fv2%2Fcomments&post=40592"}],"version-history":[{"count":0,"href":"https:\/\/diariodominicano.com\/index.php?rest_route=\/wp\/v2\/posts\/40592\/revisions"}],"wp:attachment":[{"href":"https:\/\/diariodominicano.com\/index.php?rest_route=%2Fwp%2Fv2%2Fmedia&parent=40592"}],"wp:term":[{"taxonomy":"category","embeddable":true,"href":"https:\/\/diariodominicano.com\/index.php?rest_route=%2Fwp%2Fv2%2Fcategories&post=40592"},{"taxonomy":"post_tag","embeddable":true,"href":"https:\/\/diariodominicano.com\/index.php?rest_route=%2Fwp%2Fv2%2Ftags&post=40592"}],"curies":[{"name":"wp","href":"https:\/\/api.w.org\/{rel}","templated":true}]}}