{"id":405906,"date":"2022-12-27T11:30:19","date_gmt":"2022-12-27T15:30:19","guid":{"rendered":"http:\/\/diariodominicano.com\/?p=405906"},"modified":"2022-12-27T11:30:19","modified_gmt":"2022-12-27T15:30:19","slug":"pn-apresa-hombre-por-muerte-de-un-homosexual-en-santiago","status":"publish","type":"post","link":"https:\/\/diariodominicano.com\/?p=405906","title":{"rendered":"PN apresa hombre por muerte de un homosexual en Santiago"},"content":{"rendered":"\n<p>diariodominicano.com<\/p>\n\n\n\n<p><strong>Santiago, R.D.,  27 de diciembre\u00a0\u00a0del 2022.-<\/strong>\u00a0Agentes\u00a0\u00a0policiales adscritos al Departamento de Homicidios de esta ciudad, apresan hombre a quien se le atribuye la muerte de un homosexual que hab\u00eda sido reportado desaparecido por su madre el pasado 24 de este mes, siendo posteriormente localizado el cuerpo en unos terrenos ubicado en el Ensanche Libertad.<\/p>\n\n\n\n<p>El detenido es Cristian de Jes\u00fas Henr\u00edquez Blanco de 43 a\u00f1os,&nbsp;&nbsp;a quien se le atribuye la muerte de&nbsp;&nbsp;Braulin de Jes\u00fas Alc\u00e1ntara de 27, a causa de golpes contusos en la cabeza en medio de una acalorada discusi\u00f3n.<\/p>\n\n\n\n<p>Al ser cuestionado verbalmente Jes\u00fas Henr\u00edquez en torno al caso, admite haber cometido el hecho, manifiesta que el hoy occiso le ofreci\u00f3 sustancia il\u00edcita, traslad\u00e1ndose ambos pr\u00f3ximo a una caba\u00f1a ubicada en la autopista Joaqu\u00edn Balaguer, del referido sector, origin\u00e1ndose una acalorada discusi\u00f3n tomando este una piedra,&nbsp;&nbsp;propin\u00e1ndole un golpe en la cabeza que le produjo la muerte, lanz\u00e1ndolo a una cisterna.<\/p>\n\n\n\n<p>El cad\u00e1ver fue trasladado al Instituto Nacional de Ciencia Forense (INACIF), para realizarles&nbsp; los estudios correspondientes.<\/p>\n\n\n\n<p>En cuanto al detenido ser\u00e1 puesto a disposici\u00f3n de la justicia por el hecho que se le imputa.<\/p>\n\n\n\n<p>Fuente:  <strong>OFICINA DE INFORMACI\u00d3N Y COMUNICACIONES ESTRAT\u00c9GICAS DIRECCI\u00d3N REGIONAL CIBAO CENTRAL DE LA POLIC\u00cdA NACIONAL<\/strong><\/p>\n","protected":false},"excerpt":{"rendered":"<p>diariodominicano.com Santiago, R.D., 27 de diciembre\u00a0\u00a0del 2022.-\u00a0Agentes\u00a0\u00a0policiales adscritos al Departamento de Homicidios de esta ciudad, apresan hombre a quien se le atribuye la muerte de un homosexual que hab\u00eda sido reportado desaparecido por su madre el pasado 24 de este mes, siendo posteriormente localizado el cuerpo en unos terrenos ubicado en el Ensanche Libertad. El [&hellip;]<\/p>\n","protected":false},"author":5,"featured_media":405910,"comment_status":"closed","ping_status":"","sticky":true,"template":"","format":"standard","meta":{"footnotes":""},"categories":[29,27],"tags":[],"class_list":["post-405906","post","type-post","status-publish","format-standard","has-post-thumbnail","hentry","category-policiasucesos","category-portada"],"_links":{"self":[{"href":"https:\/\/diariodominicano.com\/index.php?rest_route=\/wp\/v2\/posts\/405906","targetHints":{"allow":["GET"]}}],"collection":[{"href":"https:\/\/diariodominicano.com\/index.php?rest_route=\/wp\/v2\/posts"}],"about":[{"href":"https:\/\/diariodominicano.com\/index.php?rest_route=\/wp\/v2\/types\/post"}],"author":[{"embeddable":true,"href":"https:\/\/diariodominicano.com\/index.php?rest_route=\/wp\/v2\/users\/5"}],"replies":[{"embeddable":true,"href":"https:\/\/diariodominicano.com\/index.php?rest_route=%2Fwp%2Fv2%2Fcomments&post=405906"}],"version-history":[{"count":1,"href":"https:\/\/diariodominicano.com\/index.php?rest_route=\/wp\/v2\/posts\/405906\/revisions"}],"predecessor-version":[{"id":405911,"href":"https:\/\/diariodominicano.com\/index.php?rest_route=\/wp\/v2\/posts\/405906\/revisions\/405911"}],"wp:featuredmedia":[{"embeddable":true,"href":"https:\/\/diariodominicano.com\/index.php?rest_route=\/wp\/v2\/media\/405910"}],"wp:attachment":[{"href":"https:\/\/diariodominicano.com\/index.php?rest_route=%2Fwp%2Fv2%2Fmedia&parent=405906"}],"wp:term":[{"taxonomy":"category","embeddable":true,"href":"https:\/\/diariodominicano.com\/index.php?rest_route=%2Fwp%2Fv2%2Fcategories&post=405906"},{"taxonomy":"post_tag","embeddable":true,"href":"https:\/\/diariodominicano.com\/index.php?rest_route=%2Fwp%2Fv2%2Ftags&post=405906"}],"curies":[{"name":"wp","href":"https:\/\/api.w.org\/{rel}","templated":true}]}}