{"id":405850,"date":"2022-12-27T00:11:08","date_gmt":"2022-12-27T04:11:08","guid":{"rendered":"http:\/\/diariodominicano.com\/?p=405850"},"modified":"2022-12-27T00:11:08","modified_gmt":"2022-12-27T04:11:08","slug":"nicaragua-rindio-homenaje-a-blanca-segovia-hija-del-general-sandino","status":"publish","type":"post","link":"https:\/\/diariodominicano.com\/?p=405850","title":{"rendered":"Nicaragua rindi\u00f3 homenaje a Blanca Segovia, hija del general Sandino"},"content":{"rendered":"\n<p>Managua, 26 dic (Prensa Latina) El Gobierno de Nicaragua rendi\u00f3 homenaje hoy en la Asamblea Nacional (parlamento) a la hija del general Augusto C. Sandino, Blanca Segovia Sandino, quien falleci\u00f3 el viernes \u00faltimo a los 89 a\u00f1os de edad.&nbsp;&nbsp;&nbsp;&nbsp;<\/p>\n\n\n\n<ul class=\"wp-block-list\"><li>diciembre 26, 2022<\/li><li>CST21:57 (GMT) -0500<\/li><\/ul>\n\n\n\n<p>Durante un acto p\u00f3stumo, el presidente Daniel Ortega y la vicemandataria Rosario Murillo hicieron guardia de honor al lado del f\u00e9retro con los restos mortales de Sandino.<\/p>\n\n\n\n<p>Al hacer uso de la palabra, el jefe de Estado expres\u00f3 que escuchar a Blanca era llenarse de la energ\u00eda del general Sandino y de su madre Blanca Estela Ar\u00e1uz.<\/p>\n\n\n\n<p>Ortega la describi\u00f3 como una mujer con una fortaleza que le da a los seres humanos las capacidades, como dec\u00eda general Sandino, de ir siempre m\u00e1s all\u00e1 a pesar de los obst\u00e1culos y los desaf\u00edos.<\/p>\n\n\n\n<p>\u201cEsa es Blanca Segovia, porque a pesar de su desaparici\u00f3n f\u00edsica ella sigue estando presente y nos acompa\u00f1a, acompa\u00f1a a su familia, acompa\u00f1a al pueblo nicarag\u00fcense y nos acompa\u00f1a diciendo siempre m\u00e1s all\u00e1\u00bb, resalt\u00f3.<\/p>\n\n\n\n<p>Asimismo, signific\u00f3 la coincidencia hist\u00f3rica del homenaje, pues un d\u00eda como hoy hace 90 a\u00f1os, Sandino hab\u00eda logrado derrotar a los yanquis invasores.<\/p>\n\n\n\n<p>\u201cRendimos homenaje hoy y siempre, y lo debemos rendir como nos ense\u00f1\u00f3 Blanca Segovia, el general Augusto C. Sandino y Blanquita Ar\u00e1uz, con rebeld\u00eda indoblegable\u201d, expres\u00f3 por su parte el presidente de parlamento, Gustavo Porras.<\/p>\n\n\n\n<p>El diputado agreg\u00f3 que ese homenaje tambi\u00e9n se rinde con disciplina inquebrantable y la uni\u00f3n indivisible, pues solo as\u00ed \u201cvamos a poder cumplir con las tareas encomendadas por el general Sandino, por la hero\u00edna Blanca Ara\u00faz y nuestra hermana Blanca Segovia Sandino Ara\u00faz\u201d.<\/p>\n\n\n\n<p>Asimismo, uno de los hijos de Blanquita, como tambi\u00e9n la llamaban, Walter Castillo Sandino, afirm\u00f3 que el ejemplo y legado de su madre seguir\u00e1 presente en el pueblo nicarag\u00fcense.<\/p>\n\n\n\n<p>\u201cSu coraz\u00f3n ha dejado de latir y el ox\u00edgeno que se quemaba en sus venas con la sangre pura de Augusto C. Sandino y Blanca Estela Ar\u00e1uz se apag\u00f3 para siempre, pero no as\u00ed su luz espiritual, pues mantuvo el legado de sus padres hasta el \u00faltimo suspiro\u201d, expres\u00f3 Castillo.<\/p>\n\n\n\n<p>En ese sentido, a\u00f1adi\u00f3 que Blanca Segovia supo iluminar la mente, el pensamiento y la acci\u00f3n de todos los nicarag\u00fcenses que hoy llevan en sus corazones el legado del general de hombres y mujeres libres.<\/p>\n\n\n\n<p>Su partida nos deja un sendero de continuidad hist\u00f3rica y quisiera asegurarles que su legado queda en buenas manos, subray\u00f3.<\/p>\n\n\n\n<p>oda\/ybv<\/p>\n","protected":false},"excerpt":{"rendered":"<p>Managua, 26 dic (Prensa Latina) El Gobierno de Nicaragua rendi\u00f3 homenaje hoy en la Asamblea Nacional (parlamento) a la hija del general Augusto C. Sandino, Blanca Segovia Sandino, quien falleci\u00f3 el viernes \u00faltimo a los 89 a\u00f1os de edad.&nbsp;&nbsp;&nbsp;&nbsp; diciembre 26, 2022 CST21:57 (GMT) -0500 Durante un acto p\u00f3stumo, el presidente Daniel Ortega y la [&hellip;]<\/p>\n","protected":false},"author":28,"featured_media":0,"comment_status":"closed","ping_status":"","sticky":false,"template":"","format":"standard","meta":{"footnotes":""},"categories":[26,23],"tags":[],"class_list":["post-405850","post","type-post","status-publish","format-standard","hentry","category-efemerides","category-internacional"],"_links":{"self":[{"href":"https:\/\/diariodominicano.com\/index.php?rest_route=\/wp\/v2\/posts\/405850","targetHints":{"allow":["GET"]}}],"collection":[{"href":"https:\/\/diariodominicano.com\/index.php?rest_route=\/wp\/v2\/posts"}],"about":[{"href":"https:\/\/diariodominicano.com\/index.php?rest_route=\/wp\/v2\/types\/post"}],"author":[{"embeddable":true,"href":"https:\/\/diariodominicano.com\/index.php?rest_route=\/wp\/v2\/users\/28"}],"replies":[{"embeddable":true,"href":"https:\/\/diariodominicano.com\/index.php?rest_route=%2Fwp%2Fv2%2Fcomments&post=405850"}],"version-history":[{"count":1,"href":"https:\/\/diariodominicano.com\/index.php?rest_route=\/wp\/v2\/posts\/405850\/revisions"}],"predecessor-version":[{"id":405851,"href":"https:\/\/diariodominicano.com\/index.php?rest_route=\/wp\/v2\/posts\/405850\/revisions\/405851"}],"wp:attachment":[{"href":"https:\/\/diariodominicano.com\/index.php?rest_route=%2Fwp%2Fv2%2Fmedia&parent=405850"}],"wp:term":[{"taxonomy":"category","embeddable":true,"href":"https:\/\/diariodominicano.com\/index.php?rest_route=%2Fwp%2Fv2%2Fcategories&post=405850"},{"taxonomy":"post_tag","embeddable":true,"href":"https:\/\/diariodominicano.com\/index.php?rest_route=%2Fwp%2Fv2%2Ftags&post=405850"}],"curies":[{"name":"wp","href":"https:\/\/api.w.org\/{rel}","templated":true}]}}