{"id":405724,"date":"2022-12-26T11:58:07","date_gmt":"2022-12-26T15:58:07","guid":{"rendered":"http:\/\/diariodominicano.com\/?p=405724"},"modified":"2022-12-26T11:58:07","modified_gmt":"2022-12-26T15:58:07","slug":"pn-y-mp-incautan-mas-de-18-mil-cajetillas-de-cigarrillos-en-allanamiento-en-santiago","status":"publish","type":"post","link":"https:\/\/diariodominicano.com\/?p=405724","title":{"rendered":"PN y MP incautan m\u00e1s de 18 mil cajetillas de cigarrillos en allanamiento en Santiago"},"content":{"rendered":"\n<p>diariodominicano.com<\/p>\n\n\n\n<p><strong>Santiago, R.D. 26 de diciembre\u00a0\u00a0del 2022.-<\/strong>\u00a0M\u00e1s de 18 mil cajetillas de cigarrillos fueron ocupadas mediante un allanamiento realizado por un contingente policial perteneciente a la Subdirecci\u00f3n de Inteligencia, DICRIM y SWAT de esta jurisdicci\u00f3n, acompa\u00f1ados de un representante del Ministerio P\u00fablico, en el sector La Herradura de esta ciudad.<\/p>\n\n\n\n<p>La operaci\u00f3n policial fue ejecutada mediante la orden judicial&nbsp;&nbsp;10791-2022, en una marquesina ubicada en un solar del referido sector, en contra del se\u00f1or Francisco Javier N\u00fa\u00f1ez Pe\u00f1a, por violaci\u00f3n de&nbsp;&nbsp;la ley 42-01, quien no se encontraba en dicho lugar.<\/p>\n\n\n\n<p>Durante la intervenci\u00f3n fueron ocupados en un la cantidad de 1,897 paquetes de cigarrillos de la marca Capital, equivalente a 18,970 cajetillas, con un total de 379,940 unidades.<\/p>\n\n\n\n<p>En cuanto a lo ocupado se encuentra bajo custodia del Ministerio P\u00fablico, para los fines correspondientes.<\/p>\n\n\n\n<p>Fuente:  <strong>OFICINA DE INFORMACI\u00d3N Y COMUNICACIONES ESTRAT\u00c9GICAS DIRECCI\u00d3N REGIONAL CIBAO CENTRAL DE LA POLIC\u00cdA NACIONAL.<\/strong><\/p>\n","protected":false},"excerpt":{"rendered":"<p>diariodominicano.com Santiago, R.D. 26 de diciembre\u00a0\u00a0del 2022.-\u00a0M\u00e1s de 18 mil cajetillas de cigarrillos fueron ocupadas mediante un allanamiento realizado por un contingente policial perteneciente a la Subdirecci\u00f3n de Inteligencia, DICRIM y SWAT de esta jurisdicci\u00f3n, acompa\u00f1ados de un representante del Ministerio P\u00fablico, en el sector La Herradura de esta ciudad. La operaci\u00f3n policial fue ejecutada [&hellip;]<\/p>\n","protected":false},"author":5,"featured_media":405725,"comment_status":"closed","ping_status":"","sticky":true,"template":"","format":"standard","meta":{"footnotes":""},"categories":[29,27],"tags":[],"class_list":["post-405724","post","type-post","status-publish","format-standard","has-post-thumbnail","hentry","category-policiasucesos","category-portada"],"_links":{"self":[{"href":"https:\/\/diariodominicano.com\/index.php?rest_route=\/wp\/v2\/posts\/405724","targetHints":{"allow":["GET"]}}],"collection":[{"href":"https:\/\/diariodominicano.com\/index.php?rest_route=\/wp\/v2\/posts"}],"about":[{"href":"https:\/\/diariodominicano.com\/index.php?rest_route=\/wp\/v2\/types\/post"}],"author":[{"embeddable":true,"href":"https:\/\/diariodominicano.com\/index.php?rest_route=\/wp\/v2\/users\/5"}],"replies":[{"embeddable":true,"href":"https:\/\/diariodominicano.com\/index.php?rest_route=%2Fwp%2Fv2%2Fcomments&post=405724"}],"version-history":[{"count":1,"href":"https:\/\/diariodominicano.com\/index.php?rest_route=\/wp\/v2\/posts\/405724\/revisions"}],"predecessor-version":[{"id":405726,"href":"https:\/\/diariodominicano.com\/index.php?rest_route=\/wp\/v2\/posts\/405724\/revisions\/405726"}],"wp:featuredmedia":[{"embeddable":true,"href":"https:\/\/diariodominicano.com\/index.php?rest_route=\/wp\/v2\/media\/405725"}],"wp:attachment":[{"href":"https:\/\/diariodominicano.com\/index.php?rest_route=%2Fwp%2Fv2%2Fmedia&parent=405724"}],"wp:term":[{"taxonomy":"category","embeddable":true,"href":"https:\/\/diariodominicano.com\/index.php?rest_route=%2Fwp%2Fv2%2Fcategories&post=405724"},{"taxonomy":"post_tag","embeddable":true,"href":"https:\/\/diariodominicano.com\/index.php?rest_route=%2Fwp%2Fv2%2Ftags&post=405724"}],"curies":[{"name":"wp","href":"https:\/\/api.w.org\/{rel}","templated":true}]}}