{"id":40570,"date":"2020-01-02T19:16:36","date_gmt":"2020-01-02T19:16:36","guid":{"rendered":"http:\/\/diariodominicano.ddns.net\/?p=40570"},"modified":"2020-01-02T19:16:36","modified_gmt":"2020-01-02T19:16:36","slug":"el-voto-popular","status":"publish","type":"post","link":"https:\/\/diariodominicano.com\/?p=40570","title":{"rendered":"El voto popular"},"content":{"rendered":"<p><body><\/p>\n<p>A Pleno Sol<\/p>\n<\/p>\n<p>El voto popular<\/p>\n<\/p>\n<p>Por Manuel Hern\u00e1ndez Villeta<\/p>\n<\/p>\n<p>En un a\u00f1o electoral, el principal n\u00famero de la agenda es garantizar que haya unos comicios libres y democr\u00e1ticos, donde se respete la voluntad popular. F\u00e1cil es hablarlo, pero lo dif\u00edcil es conseguirlo.<\/p>\n<\/p>\n<p>Vivimos en un conglomerado social y pol\u00edtico donde los fraudes electorales  han estado gravitando a todo lo largo de nuestra historia. A duras penas en m\u00e1s de un siglo se han organizado un par de elecciones libres y democr\u00e1ticas.<\/p>\n<\/p>\n<p>Ahora hay que fortalecer a las instituciones nacionales. El voto lib\u00e9rrimo del pueblo es lo que da forma y vida a la democracia. Si hay trasiegos en la voluntad popular, se hace un gran da\u00f1o al surgimiento de un estado de derecho.<\/p>\n<\/p>\n<p>La Junta Central Electoral llega a la etapa central de preparaci\u00f3n de las elecciones con los pies de gelatina. Ha tenido encontronazos de relaci\u00f3n con las primarias, que se debieron obviar. La JCE no ten\u00eda que organizar ni fiscalizar, ni ser responsable de las primarias internas de los partidos mayoritarios.<\/p>\n<\/p>\n<p>En especial, se ve\u00eda que entraba a un terreno envenenado y resbaladizo, cuando paso a ser el garante de las primarias del Partido de la Liberaci\u00f3n  Dominicana. Todo indicaba que la pugna interna entre peledeistas iba a terminar en divisi\u00f3n, y que la JCE saldr\u00eda mal parada de ese evento.<\/p>\n<\/p>\n<p>Nunca la JCE debi\u00f3 entrar a lo interno de las primarias de los partidos. Ahora tiene que dejar p\u00e1gina atr\u00e1s, y pasar a trabajar de lleno en la preparaci\u00f3n de las elecciones municipales, y despu\u00e9s las legislativas y posteriormente la presidenciales. Es un tramo de gran trabajo y sobre todo de      poner el cu\u00f1o a la  credibilidad.<\/p>\n<\/p>\n<p>A la JCE no la descreditan las cr\u00edticas, sino el camino que tiene que recorrer. Si hay verticalidad a toda prueba, nadie podr\u00e1 echar lodo sobre el accionar de los miembros del organismo de elecciones. No dudo de la honorabilidad de los magistrados, pero tienen que asimilar las cr\u00edticas, y saber que las voces disidentes no significan que se est\u00e1 erosionando su moral.<\/p>\n<\/p>\n<p>Estas van a ser unas elecciones complejas, muy dif\u00edcil. La sombra de la segunda vuelta abre las puertas a todas las posibilidades. En ese marco siempre estar\u00e1n presentes los hechos negativos de nuestra historia electoral: la venta de cedulas, la compra de conciencia, las amenazas, los trastrueques de votantes y las falsas encuestas matizadas a boca de urnas.<\/p>\n<\/p>\n<p>Por todos los medios, cada uno de los dominicanos tiene que luchar para que haya unas elecciones libres y democr\u00e1ticas. Hay que hacer valer la fuerza de la voluntad popular. Tenemos que fortalecer las columnas de la democracia, donde el voto emitido en forma libre y sin contrariedades, es la m\u00e1xima representaci\u00f3n de la voluntad popular. \u00a1Ay!, se me acabo la tinta.<\/p>\n<\/p>\n<\/p>\n<h6> 2020-01-02 19:16:36 <\/h6>\n<p><!--\n<link rel=\"stylesheet\" href=\"css\/bootstrap.min.css\">\n\n\n<ul class=\"pagination\">\n\t    \n\t\n\n<li >\n\t<a href='?page_no=376'>Previous<\/a>\n\t<\/li>\n\n\n       \n    \n\n<li><a href='?page_no=1'>1<\/a><\/li>\n\n\n\n<li><a href='?page_no=2'>2<\/a><\/li>\n\n\n\n<li><a>...<\/a><\/li>\n\n\n\n<li><a href='?page_no=375'>375<\/a><\/li>\n\n\n\n<li><a href='?page_no=376'>376<\/a><\/li>\n\n\n\n<li class='active'><a>377<\/a><\/li>\n\n\n\n<li><a href='?page_no=378'>378<\/a><\/li>\n\n\n\n<li><a href='?page_no=379'>379<\/a><\/li>\n\n\n\n<li><a>...<\/a><\/li>\n\n\n\n<li><a href='?page_no=13611'>13611<\/a><\/li>\n\n\n\n<li><a href='?page_no=13612'>13612<\/a><\/li>\n\n    \n\t\n\n<li >\n\t<a href='?page_no=378'>Next<\/a>\n\t<\/li>\n\n\n    \n\n<li><a href='?page_no=13612'>Last &rsaquo;&rsaquo;<\/a><\/li>\n\n<\/ul>\n\n\n--><br \/>\n<\/body><\/p>\n","protected":false},"excerpt":{"rendered":"<p>A Pleno Sol El voto popular Por Manuel Hern\u00e1ndez Villeta En un a\u00f1o electoral, el principal n\u00famero de la agenda es garantizar que haya unos comicios libres y democr\u00e1ticos, donde se respete la voluntad popular. F\u00e1cil es hablarlo, pero lo dif\u00edcil es conseguirlo. Vivimos en un conglomerado social y pol\u00edtico donde los fraudes electorales han [&hellip;]<\/p>\n","protected":false},"author":3,"featured_media":0,"comment_status":"open","ping_status":"open","sticky":false,"template":"","format":"standard","meta":{"footnotes":""},"categories":[16],"tags":[],"class_list":["post-40570","post","type-post","status-publish","format-standard","hentry","category-opiniones"],"_links":{"self":[{"href":"https:\/\/diariodominicano.com\/index.php?rest_route=\/wp\/v2\/posts\/40570","targetHints":{"allow":["GET"]}}],"collection":[{"href":"https:\/\/diariodominicano.com\/index.php?rest_route=\/wp\/v2\/posts"}],"about":[{"href":"https:\/\/diariodominicano.com\/index.php?rest_route=\/wp\/v2\/types\/post"}],"author":[{"embeddable":true,"href":"https:\/\/diariodominicano.com\/index.php?rest_route=\/wp\/v2\/users\/3"}],"replies":[{"embeddable":true,"href":"https:\/\/diariodominicano.com\/index.php?rest_route=%2Fwp%2Fv2%2Fcomments&post=40570"}],"version-history":[{"count":0,"href":"https:\/\/diariodominicano.com\/index.php?rest_route=\/wp\/v2\/posts\/40570\/revisions"}],"wp:attachment":[{"href":"https:\/\/diariodominicano.com\/index.php?rest_route=%2Fwp%2Fv2%2Fmedia&parent=40570"}],"wp:term":[{"taxonomy":"category","embeddable":true,"href":"https:\/\/diariodominicano.com\/index.php?rest_route=%2Fwp%2Fv2%2Fcategories&post=40570"},{"taxonomy":"post_tag","embeddable":true,"href":"https:\/\/diariodominicano.com\/index.php?rest_route=%2Fwp%2Fv2%2Ftags&post=40570"}],"curies":[{"name":"wp","href":"https:\/\/api.w.org\/{rel}","templated":true}]}}