{"id":405506,"date":"2022-12-24T23:21:01","date_gmt":"2022-12-25T03:21:01","guid":{"rendered":"http:\/\/diariodominicano.com\/?p=405506"},"modified":"2022-12-24T23:21:01","modified_gmt":"2022-12-25T03:21:01","slug":"cuba-y-guyana-celebran-50-anos-de-nexos-de-hermandad","status":"publish","type":"post","link":"https:\/\/diariodominicano.com\/?p=405506","title":{"rendered":"Cuba y Guyana celebran 50 a\u00f1os de nexos de hermandad"},"content":{"rendered":"\n<p>La Habana, 24 dic (Prensa Latina) El ministro de Relaciones Exteriores de Cuba, Bruno Rodr\u00edguez, agradeci\u00f3 hoy al presidente de Guyana, Irfaan Ali, por sus palabras en conmemoraci\u00f3n del aniversario 50 del establecimiento de relaciones diplom\u00e1ticas bilaterales, basadas en la hermandad.&nbsp;&nbsp;&nbsp;&nbsp;<\/p>\n\n\n\n<ul class=\"wp-block-list\"><li>diciembre 24, 2022<\/li><li>CST18:40 (GMT) -0500<\/li><\/ul>\n\n\n\n<p>Desde su perfil oficial en Twitter, el canciller reconoci\u00f3 los hist\u00f3ricos lazos fraternales y \u201cde cooperaci\u00f3n mutuamente beneficiosa para ambos pueblos, con el compromiso permanente de trabajar por su fortalecimiento\u00bb.<\/p>\n\n\n\n<p>Este viernes la embajada de La Habana en Georgetown aludi\u00f3, tambi\u00e9n en esa red social, al acto de celebraci\u00f3n por el medio siglo de los nexos, con la presencia del mandatario caribe\u00f1o, el primer ministro, Mark Phillips, y el titular de Relaciones Exteriores, Hugh Todd.<\/p>\n\n\n\n<p>De acuerdo con el perfil de la sede diplom\u00e1tica, intervinieron, adem\u00e1s, otros miembros del gobierno y del cuerpo diplom\u00e1tico acreditado y m\u00e9dicos graduados en Cuba, y presentaron un sello filat\u00e9lico conmemorativo de tan significativa fecha.<\/p>\n\n\n\n<p>En septiembre pasado, durante la pronunciaci\u00f3n de su discurso ante la Asamblea General de la Organizaci\u00f3n de Naciones Unidas, Irfaan Ali reconoci\u00f3: \u201cnuevamente nos unimos a la abrumadora mayor\u00eda de miembros de la comunidad internacional para reiterar el rechazo de Guyana a las sanciones impuestas a Cuba\u201d.<\/p>\n\n\n\n<p>nmr\/dgh<\/p>\n","protected":false},"excerpt":{"rendered":"<p>La Habana, 24 dic (Prensa Latina) El ministro de Relaciones Exteriores de Cuba, Bruno Rodr\u00edguez, agradeci\u00f3 hoy al presidente de Guyana, Irfaan Ali, por sus palabras en conmemoraci\u00f3n del aniversario 50 del establecimiento de relaciones diplom\u00e1ticas bilaterales, basadas en la hermandad.&nbsp;&nbsp;&nbsp;&nbsp; diciembre 24, 2022 CST18:40 (GMT) -0500 Desde su perfil oficial en Twitter, el canciller [&hellip;]<\/p>\n","protected":false},"author":28,"featured_media":0,"comment_status":"closed","ping_status":"","sticky":false,"template":"","format":"standard","meta":{"footnotes":""},"categories":[26,23],"tags":[],"class_list":["post-405506","post","type-post","status-publish","format-standard","hentry","category-efemerides","category-internacional"],"_links":{"self":[{"href":"https:\/\/diariodominicano.com\/index.php?rest_route=\/wp\/v2\/posts\/405506","targetHints":{"allow":["GET"]}}],"collection":[{"href":"https:\/\/diariodominicano.com\/index.php?rest_route=\/wp\/v2\/posts"}],"about":[{"href":"https:\/\/diariodominicano.com\/index.php?rest_route=\/wp\/v2\/types\/post"}],"author":[{"embeddable":true,"href":"https:\/\/diariodominicano.com\/index.php?rest_route=\/wp\/v2\/users\/28"}],"replies":[{"embeddable":true,"href":"https:\/\/diariodominicano.com\/index.php?rest_route=%2Fwp%2Fv2%2Fcomments&post=405506"}],"version-history":[{"count":1,"href":"https:\/\/diariodominicano.com\/index.php?rest_route=\/wp\/v2\/posts\/405506\/revisions"}],"predecessor-version":[{"id":405507,"href":"https:\/\/diariodominicano.com\/index.php?rest_route=\/wp\/v2\/posts\/405506\/revisions\/405507"}],"wp:attachment":[{"href":"https:\/\/diariodominicano.com\/index.php?rest_route=%2Fwp%2Fv2%2Fmedia&parent=405506"}],"wp:term":[{"taxonomy":"category","embeddable":true,"href":"https:\/\/diariodominicano.com\/index.php?rest_route=%2Fwp%2Fv2%2Fcategories&post=405506"},{"taxonomy":"post_tag","embeddable":true,"href":"https:\/\/diariodominicano.com\/index.php?rest_route=%2Fwp%2Fv2%2Ftags&post=405506"}],"curies":[{"name":"wp","href":"https:\/\/api.w.org\/{rel}","templated":true}]}}