{"id":40548,"date":"2020-01-05T13:38:23","date_gmt":"2020-01-05T13:38:23","guid":{"rendered":"http:\/\/diariodominicano.ddns.net\/?p=40548"},"modified":"2020-01-05T13:38:23","modified_gmt":"2020-01-05T13:38:23","slug":"llego-el-2020","status":"publish","type":"post","link":"https:\/\/diariodominicano.com\/?p=40548","title":{"rendered":"LLEG\u00d3 EL 2020"},"content":{"rendered":"<p><body><\/p>\n<p><strong>LLEG\u00d3 EL 2020<\/strong><\/p>\n<\/p>\n<p>                                                                                              <strong>             Por Narciso Isa Conde<\/strong><\/p>\n<\/p>\n<p>Con la econom\u00eda decreciendo todav\u00eda a ritmo moderado, pero amenazando empeorar a consecuencia de un alto nivel de endeudamiento (54% del PBI), elevado costo de los servicios de la deuda (m\u00e1s del 40 % del presupuesto), voluminoso d\u00e9ficit fiscal (m\u00e1s de 110 mil millones de pesos), tendencias depresivas en la econom\u00eda global y amarres degradantes del modelo neoliberal en fase decadente.<\/p>\n<\/p>\n<p>Pero eso  hasta ahora no es lo peor, aunque amenaza con agregarse, aportando explosividad a una crisis social y pol\u00edtico-institucional en desarrollo.<\/p>\n<\/p>\n<p>Con un sensible deterioro institucional y del sistema de partidos, creciente crisis de legitimidad y descomposici\u00f3n de un poder gansterizado protegido por una impunidad altamente cuestionada.<\/p>\n<\/p>\n<p>Con escandalosas desigualdades sociales (profundizadas a pesar del crecimiento econ\u00f3mico) y enormes d\u00e9ficit en todos los sectores sociales y pol\u00edticas p\u00fablicas: salud, educaci\u00f3n, seguridad social, ambiental, ciudadana, transporte, alimentaci\u00f3n, viviendas&#8230;<\/p>\n<\/p>\n<p> Con el agravante de que el primer semestre electoral del 2020 no augura, si de opciones partidistas se trata, cambio sustancial en todas esas tendencias, salvo algunos rostros distintos dentro de las mismas instituciones, aplicando pol\u00edticas que no pueden confrontar la corrupci\u00f3n estructural, ni la estrategia neoliberal impuesta por EEUU y las grandes potencias occidentales.<\/p>\n<\/p>\n<p>Ni el oficialismo ni la abigarrada oposici\u00f3n tienen algo nuevo que instrumentar que no sea la reproducci\u00f3n de lo establecido, ya con traumas previos, ya con tensiones pol\u00edticas mayores o con distensiones ef\u00edmeras; administrando un Estado esencialmente igual y bastante fraccionado a partir de la consumada perdida de de hegemon\u00eda del PLD, a causa de su divisi\u00f3n.<\/p>\n<\/p>\n<p>Esto anuncia un temprano desgaste de esos resultados y la aceleraci\u00f3n del  deterioro institucional y el modelo neoliberal de cara al 2021. Las expectativas de algo diferente, si es que logran alg\u00fan campo, no tardar\u00e1n en desvanecerse en un contexto de mayores dificultades para el nuevo gobierno central y dem\u00e1s instancias de poder. Las tendencias hacia la conformaci\u00f3n de una crisis mayor no se detendr\u00e1n.<\/p>\n<\/p>\n<p>Sumados temas tan agudos como el gran rechazo popular a la imposici\u00f3n del borr\u00f3n y cuenta nueva en materia de corrupci\u00f3n y otros delitos de Estado, a la estrategia de depredaci\u00f3n ambiental, a la incontrolable violencia de g\u00e9nero, a la degradaci\u00f3n de la condiciones de vida, al uso del poder y la naturaleza como patrimonio de la partidocracia y poderosos grupos econ\u00f3micos, y a la conversi\u00f3n de toda la isla en nueva colonia del capitalismo del desastre encabezado por EE.UU&#8230; no es dif\u00edcil vaticinar que esto solo estar\u00e1 \u00abbueno para arreglar\u00bb y que eso tiene un solo nombre: cambio radical pro-constituyente.<\/p>\n<\/p>\n<p>Zona de los archivos adjuntos<\/p>\n<h6> 2020-01-05 13:38:23 <\/h6>\n<p><!--\n<link rel=\"stylesheet\" href=\"css\/bootstrap.min.css\">\n\n\n<ul class=\"pagination\">\n\t    \n\t\n\n<li >\n\t<a href='?page_no=374'>Previous<\/a>\n\t<\/li>\n\n\n       \n    \n\n<li><a href='?page_no=1'>1<\/a><\/li>\n\n\n\n<li><a href='?page_no=2'>2<\/a><\/li>\n\n\n\n<li><a>...<\/a><\/li>\n\n\n\n<li><a href='?page_no=373'>373<\/a><\/li>\n\n\n\n<li><a href='?page_no=374'>374<\/a><\/li>\n\n\n\n<li class='active'><a>375<\/a><\/li>\n\n\n\n<li><a href='?page_no=376'>376<\/a><\/li>\n\n\n\n<li><a href='?page_no=377'>377<\/a><\/li>\n\n\n\n<li><a>...<\/a><\/li>\n\n\n\n<li><a href='?page_no=13611'>13611<\/a><\/li>\n\n\n\n<li><a href='?page_no=13612'>13612<\/a><\/li>\n\n    \n\t\n\n<li >\n\t<a href='?page_no=376'>Next<\/a>\n\t<\/li>\n\n\n    \n\n<li><a href='?page_no=13612'>Last &rsaquo;&rsaquo;<\/a><\/li>\n\n<\/ul>\n\n\n--><br \/>\n<\/body><\/p>\n","protected":false},"excerpt":{"rendered":"<p>LLEG\u00d3 EL 2020 Por Narciso Isa Conde Con la econom\u00eda decreciendo todav\u00eda a ritmo moderado, pero amenazando empeorar a consecuencia de un alto nivel de endeudamiento (54% del PBI), elevado costo de los servicios de la deuda (m\u00e1s del 40 % del presupuesto), voluminoso d\u00e9ficit fiscal (m\u00e1s de 110 mil millones de pesos), tendencias depresivas [&hellip;]<\/p>\n","protected":false},"author":3,"featured_media":0,"comment_status":"open","ping_status":"open","sticky":false,"template":"","format":"standard","meta":{"footnotes":""},"categories":[16],"tags":[],"class_list":["post-40548","post","type-post","status-publish","format-standard","hentry","category-opiniones"],"_links":{"self":[{"href":"https:\/\/diariodominicano.com\/index.php?rest_route=\/wp\/v2\/posts\/40548","targetHints":{"allow":["GET"]}}],"collection":[{"href":"https:\/\/diariodominicano.com\/index.php?rest_route=\/wp\/v2\/posts"}],"about":[{"href":"https:\/\/diariodominicano.com\/index.php?rest_route=\/wp\/v2\/types\/post"}],"author":[{"embeddable":true,"href":"https:\/\/diariodominicano.com\/index.php?rest_route=\/wp\/v2\/users\/3"}],"replies":[{"embeddable":true,"href":"https:\/\/diariodominicano.com\/index.php?rest_route=%2Fwp%2Fv2%2Fcomments&post=40548"}],"version-history":[{"count":0,"href":"https:\/\/diariodominicano.com\/index.php?rest_route=\/wp\/v2\/posts\/40548\/revisions"}],"wp:attachment":[{"href":"https:\/\/diariodominicano.com\/index.php?rest_route=%2Fwp%2Fv2%2Fmedia&parent=40548"}],"wp:term":[{"taxonomy":"category","embeddable":true,"href":"https:\/\/diariodominicano.com\/index.php?rest_route=%2Fwp%2Fv2%2Fcategories&post=40548"},{"taxonomy":"post_tag","embeddable":true,"href":"https:\/\/diariodominicano.com\/index.php?rest_route=%2Fwp%2Fv2%2Ftags&post=40548"}],"curies":[{"name":"wp","href":"https:\/\/api.w.org\/{rel}","templated":true}]}}