{"id":405301,"date":"2022-12-23T21:44:25","date_gmt":"2022-12-24T01:44:25","guid":{"rendered":"http:\/\/diariodominicano.com\/?p=405301"},"modified":"2022-12-23T21:44:25","modified_gmt":"2022-12-24T01:44:25","slug":"ministerio-publico-apresa-a-director-de-centro-donde-ocurrian-abusos-de-diferentes-tipos-contra-menores-de-edad","status":"publish","type":"post","link":"https:\/\/diariodominicano.com\/?p=405301","title":{"rendered":"Ministerio P\u00fablico apresa a director de centro donde ocurr\u00edan abusos de diferentes tipos contra menores de edad"},"content":{"rendered":"\n<p>diariodominicano.com<\/p>\n\n\n\n<p>Santiago, R. D., 23 de diciembre, 2022.- El director de un supuesto centro de rehabilitaci\u00f3n intervenido por el Ministerio P\u00fablico en esta ciudad podr\u00eda enfrentar cargos por actos de tortura, maltrato, as\u00ed como abuso sexual y psicol\u00f3gico en perjuicio de menores de edad.<\/p>\n\n\n\n<p>Ante la contundencia de los hallazgos y los testimonios de las v\u00edctimas, la Fiscal\u00eda de Santiago present\u00f3 a la Oficina Judicial de Servicios de Atenci\u00f3n Permanente la solicitud de medida de coerci\u00f3n, que consiste en prisi\u00f3n preventiva, contra Lorenzo Silverio Almonte o Juli\u00e1n Almonte (El Pastor).<\/p>\n\n\n\n<p>Junto a especialistas y fiscales de la Unidad de Atenci\u00f3n Integral a V\u00edctimas de Violencia de G\u00e9nero, Intrafamiliar y Delitos Sexuales, la Fiscal\u00eda allan\u00f3 el local de la instituci\u00f3n, un supuesto centro privado de rehabilitaci\u00f3n que estar\u00eda enfocado en tratar a adolescentes con problemas de alcoholismo y problemas de conducta.<\/p>\n\n\n\n<p>Las autoridades rescataron del lugar a cinco adolescentes que estaban \u201chacinados y en condiciones deplorables e inhumanas\u201d y los pusieron bajo la protecci\u00f3n del Consejo Nacional para la Ni\u00f1ez y la Adolescencia (Conani).<\/p>\n\n\n\n<p>Tras las correspondientes evaluaciones f\u00edsicas y psicol\u00f3gicas, el Ministerio P\u00fablico determin\u00f3 que los adolescentes, con edades entre 13 y 17 a\u00f1os, eran violados sexualmente por adultos responsables de su cuidado, obligados a ingerir sustancias psic\u00f3ticas y medicamentos sin prescripci\u00f3n m\u00e9dica, adem\u00e1s de que recib\u00edan castigos como dormir en el suelo, amarrados con cadenas y mojados.<\/p>\n\n\n\n<p>En las labores de investigaci\u00f3n y asistencia a las v\u00edctimas participan en coordinaci\u00f3n la Fiscal\u00eda de Ni\u00f1os, Ni\u00f1as y Adolescentes de Santiago, el Ministerio de Salud P\u00fablica, el Servicio Nacional de Salud y la Polic\u00eda Nacional. Los detalles forman parte de la investigaci\u00f3n, todav\u00eda en curso, encabezada por la Fiscal\u00eda de la provincia.<\/p>\n\n\n\n<p>El Ministerio P\u00fablico expres\u00f3 que, ante la contundencia y la gravedad de las imputaciones que pesan sobre Almonte, la prisi\u00f3n preventiva deber\u00e1 ser la medida de coerci\u00f3n id\u00f3nea para imponer al investigado, mientras avanzan las pesquisas y se desarrolla el proceso en su contra.<\/p>\n\n\n\n<p>Fuente:  <strong>Direcci\u00f3n de Comunicaci\u00f3n y Prensa<\/strong><\/p>\n\n\n\n<p><strong>Procuradur\u00eda General-Ministerio P\u00fablico RD<\/strong><\/p>\n\n\n\n<p><strong>Viernes, 23 de diciembre del 2022<\/strong><\/p>\n","protected":false},"excerpt":{"rendered":"<p>diariodominicano.com Santiago, R. D., 23 de diciembre, 2022.- El director de un supuesto centro de rehabilitaci\u00f3n intervenido por el Ministerio P\u00fablico en esta ciudad podr\u00eda enfrentar cargos por actos de tortura, maltrato, as\u00ed como abuso sexual y psicol\u00f3gico en perjuicio de menores de edad. Ante la contundencia de los hallazgos y los testimonios de las [&hellip;]<\/p>\n","protected":false},"author":5,"featured_media":290218,"comment_status":"closed","ping_status":"","sticky":true,"template":"","format":"standard","meta":{"footnotes":""},"categories":[29,27],"tags":[],"class_list":["post-405301","post","type-post","status-publish","format-standard","has-post-thumbnail","hentry","category-policiasucesos","category-portada"],"_links":{"self":[{"href":"https:\/\/diariodominicano.com\/index.php?rest_route=\/wp\/v2\/posts\/405301","targetHints":{"allow":["GET"]}}],"collection":[{"href":"https:\/\/diariodominicano.com\/index.php?rest_route=\/wp\/v2\/posts"}],"about":[{"href":"https:\/\/diariodominicano.com\/index.php?rest_route=\/wp\/v2\/types\/post"}],"author":[{"embeddable":true,"href":"https:\/\/diariodominicano.com\/index.php?rest_route=\/wp\/v2\/users\/5"}],"replies":[{"embeddable":true,"href":"https:\/\/diariodominicano.com\/index.php?rest_route=%2Fwp%2Fv2%2Fcomments&post=405301"}],"version-history":[{"count":1,"href":"https:\/\/diariodominicano.com\/index.php?rest_route=\/wp\/v2\/posts\/405301\/revisions"}],"predecessor-version":[{"id":405302,"href":"https:\/\/diariodominicano.com\/index.php?rest_route=\/wp\/v2\/posts\/405301\/revisions\/405302"}],"wp:featuredmedia":[{"embeddable":true,"href":"https:\/\/diariodominicano.com\/index.php?rest_route=\/wp\/v2\/media\/290218"}],"wp:attachment":[{"href":"https:\/\/diariodominicano.com\/index.php?rest_route=%2Fwp%2Fv2%2Fmedia&parent=405301"}],"wp:term":[{"taxonomy":"category","embeddable":true,"href":"https:\/\/diariodominicano.com\/index.php?rest_route=%2Fwp%2Fv2%2Fcategories&post=405301"},{"taxonomy":"post_tag","embeddable":true,"href":"https:\/\/diariodominicano.com\/index.php?rest_route=%2Fwp%2Fv2%2Ftags&post=405301"}],"curies":[{"name":"wp","href":"https:\/\/api.w.org\/{rel}","templated":true}]}}