{"id":405244,"date":"2022-12-23T00:26:16","date_gmt":"2022-12-23T04:26:16","guid":{"rendered":"http:\/\/diariodominicano.com\/?p=405244"},"modified":"2022-12-23T00:26:16","modified_gmt":"2022-12-23T04:26:16","slug":"instituto-duartiano-denuncia-parqueate-rd-limita-acceso-al-museo-del-patricio","status":"publish","type":"post","link":"https:\/\/diariodominicano.com\/?p=405244","title":{"rendered":"Instituto Duartiano denuncia \u201cParqu\u00e9ate RD\u201d limita acceso al museo del patricio"},"content":{"rendered":"\n<p><br><em><strong>Wilson G\u00f3mez Ram\u00edrez afirm\u00f3 que, por \u00f3rdenes del Intrant y la Digessett, se impide que veh\u00edculos que transportan a estudiantes, maestros, extranjeros y otros visitantes se estacionen frente a estas instalaciones.<\/strong><\/em><\/p>\n\n\n\n<figure class=\"wp-block-image size-large\"><img loading=\"lazy\" decoding=\"async\" width=\"1024\" height=\"750\" src=\"https:\/\/diariodominicano.com\/wp-content\/uploads\/2022\/12\/Foto-2-Directivos-del-Instituto-Duartiano-conversan-con-medios-informativos.-1024x750.jpg\" alt=\"\" class=\"wp-image-405246\" srcset=\"https:\/\/diariodominicano.com\/wp-content\/uploads\/2022\/12\/Foto-2-Directivos-del-Instituto-Duartiano-conversan-con-medios-informativos.-1024x750.jpg 1024w, https:\/\/diariodominicano.com\/wp-content\/uploads\/2022\/12\/Foto-2-Directivos-del-Instituto-Duartiano-conversan-con-medios-informativos.-300x220.jpg 300w, https:\/\/diariodominicano.com\/wp-content\/uploads\/2022\/12\/Foto-2-Directivos-del-Instituto-Duartiano-conversan-con-medios-informativos.-768x563.jpg 768w, https:\/\/diariodominicano.com\/wp-content\/uploads\/2022\/12\/Foto-2-Directivos-del-Instituto-Duartiano-conversan-con-medios-informativos.-1536x1126.jpg 1536w, https:\/\/diariodominicano.com\/wp-content\/uploads\/2022\/12\/Foto-2-Directivos-del-Instituto-Duartiano-conversan-con-medios-informativos.-2048x1501.jpg 2048w, https:\/\/diariodominicano.com\/wp-content\/uploads\/2022\/12\/Foto-2-Directivos-del-Instituto-Duartiano-conversan-con-medios-informativos.-816x598.jpg 816w\" sizes=\"auto, (max-width: 1024px) 100vw, 1024px\" \/><figcaption>Directivos del Instituto Duartiano conversan con representantes de los medios de comunicaci\u00f3n.<\/figcaption><\/figure>\n\n\n\n<p>Santo Domingo, R.D.- El presidente del Instituto Duartiano, Wilson G\u00f3mez Ram\u00edrez, denunci\u00f3 que el programa \u201cParqu\u00e9ate RD\u201d restringe el acceso de estudiantes, turistas y otros visitantes a las instalaciones del museo y casa de Juan Pablo Duarte, sede de ese organismo patri\u00f3tico, ubicado en la calle Isabel La Cat\u00f3lica en la Ciudad Colonial.<br>G\u00f3mez Ram\u00edrez consider\u00f3 como arbitraria que se prohiba estacionar al frente a ese complejo cultural y patri\u00f3tico de veh\u00edculos institucionales, los visitantes, los proveedores de servicios y otros autom\u00f3viles a trav\u00e9s del uso de gr\u00faas, las cuales terminan obstruyendo el tr\u00e1nsito que supuestamente buscan agilizar.<br>Dijo que \u201cesta situaci\u00f3n se convirti\u00f3 en un asedio de Parqu\u00e9ate RD, que act\u00faa por mandato del director general del Instituto Nacional de Tr\u00e1nsito y Transporte Terrestre (Intrant), Hugo Beras, y del general Ram\u00f3n Antonio Guzm\u00e1n Peralta, director de la Direcci\u00f3n General de Seguridad de Tr\u00e1nsito y Transporte Terrestre (Digessett)\u201d.<br>\u201cDe manera arbitraria y dictatorial las llamadas autoridades de la seguridad vial han incurrido en un irrespeto incalificable contra la entidad responsable de difundir la vida, obra y ejemplo del padre de la patria y fundador de la Rep\u00fablica, y se han ensa\u00f1ado contra este organismo, sin ninguna raz\u00f3n aparente, y esto les obliga a ofrecer explicaciones p\u00fablicas convincentes\u201d, dijo G\u00f3mez Ram\u00edrez.<br>El presidente del Instituto Duartiano se\u00f1al\u00f3 que \u201cno es posible que quienes dirijan instituciones de esa naturaleza desconozcan que el complejo habitacional donde tiene sede el Instituto Duartiano es un templo patrio, desde donde se realiza una sagrada e intensa labor educativa, pues desde aqu\u00ed se ense\u00f1a la trayectoria del padre de la patria y fundador de la Rep\u00fablica, Juan Pablo Duarte y Diez, los valores patri\u00f3ticos e importantes cap\u00edtulos de la historia dominicana\u201d.<br>G\u00f3mez Ram\u00edrez manifest\u00f3 que hay que rechazar de manera categ\u00f3rica la pretensi\u00f3n de ignorar que este espacio p\u00fablico tiene que ser tratado como una zona de car\u00e1cter escolar, con privilegio propio de un lugar donde concurren miles de estudiantes y maestros de todo el territorio nacional.<br>Indic\u00f3 que el Instituto Duartiano har\u00e1 todo tipo de acciones para llevar al entendimiento a las autoridades responsables de la viabilidad del tr\u00e1nsito y el transporte, y se conjure la arbitrariedad y el abuso que, con tanta groser\u00eda, se ha ejercido en su contra.<br><strong>Pie de las fotos:<\/strong><br><strong>Foto 1:<\/strong>El presidente del Instituto Duartiano, Wilson G\u00f3mez Ram\u00edrez.<br><strong>Foto 2:<\/strong>Directivos del Instituto \u00a0Duartiano conversan con medios informativos.<br><strong>Foto 3:<\/strong>Wilson G\u00f3mez Ram\u00edrez deplora la acci\u00f3n del programa \u201cParqu\u00e9ate RD\u201d.<\/p>\n\n\n\n<p>Enver L\u00f3pez Milander<a target=\"_blank\" href=\"mailto:enverolm3@gmail.com\" rel=\"noreferrer noopener\">enverolm3@gmail.com<\/a><\/p>\n\n\n\n<p><strong>LINKS VER O DESCARGAR DOS V\u00cdDEOS:<\/strong><br><strong>Por YouTube:<\/strong>Video 1:&nbsp;<a href=\"https:\/\/youtu.be\/m2ZqLwwTWwM\" target=\"_blank\" rel=\"noreferrer noopener\">https:\/\/youtu.be\/m2ZqLwwTWwM<\/a>Video 2:&nbsp;<a href=\"https:\/\/youtu.be\/VZer69Nu2p8\" target=\"_blank\" rel=\"noreferrer noopener\">https:\/\/youtu.be\/VZer69Nu2p8<\/a><br><strong>Por Google Drive:<\/strong>Video 1:<a href=\"https:\/\/drive.google.com\/file\/d\/1HLA2TL-3UARKhA2YRSVapnAarQ_Ys67s\/view?usp=sharing\" target=\"_blank\" rel=\"noreferrer noopener\">https:\/\/drive.google.com\/file\/d\/1HLA2TL-3UARKhA2YRSVapnAarQ_Ys67s\/view?usp=sharing<\/a>Video 2:<a href=\"https:\/\/drive.google.com\/file\/d\/1lbyWEzjyg8CTyt9ZhtTVNr54VNK0Y2Xs\/view?usp=sharing\" target=\"_blank\" rel=\"noreferrer noopener\">https:\/\/drive.google.com\/file\/d\/1lbyWEzjyg8CTyt9ZhtTVNr54VNK0Y2Xs\/view?usp=sharing<\/a><br><strong>Por WeTransfer:<\/strong><a href=\"https:\/\/wetransfer.com\/downloads\/cc74125902d2f34f7ea39352eddbcc4120221222165812\/870aca3b5cd45be45b5279519a60501820221222165832\/97db47\" target=\"_blank\" rel=\"noreferrer noopener\">https:\/\/wetransfer.com\/downloads\/cc74125902d2f34f7ea39352eddbcc4120221222165812\/870aca3b5cd45be45b5279519a60501820221222165832\/97db47<\/a><\/p>\n","protected":false},"excerpt":{"rendered":"<p>Wilson G\u00f3mez Ram\u00edrez afirm\u00f3 que, por \u00f3rdenes del Intrant y la Digessett, se impide que veh\u00edculos que transportan a estudiantes, maestros, extranjeros y otros visitantes se estacionen frente a estas instalaciones. Santo Domingo, R.D.- El presidente del Instituto Duartiano, Wilson G\u00f3mez Ram\u00edrez, denunci\u00f3 que el programa \u201cParqu\u00e9ate RD\u201d restringe el acceso de estudiantes, turistas y [&hellip;]<\/p>\n","protected":false},"author":28,"featured_media":405245,"comment_status":"closed","ping_status":"","sticky":true,"template":"","format":"standard","meta":{"footnotes":""},"categories":[20,26,27],"tags":[],"class_list":["post-405244","post","type-post","status-publish","format-standard","has-post-thumbnail","hentry","category-dominicana-hoy","category-efemerides","category-portada"],"_links":{"self":[{"href":"https:\/\/diariodominicano.com\/index.php?rest_route=\/wp\/v2\/posts\/405244","targetHints":{"allow":["GET"]}}],"collection":[{"href":"https:\/\/diariodominicano.com\/index.php?rest_route=\/wp\/v2\/posts"}],"about":[{"href":"https:\/\/diariodominicano.com\/index.php?rest_route=\/wp\/v2\/types\/post"}],"author":[{"embeddable":true,"href":"https:\/\/diariodominicano.com\/index.php?rest_route=\/wp\/v2\/users\/28"}],"replies":[{"embeddable":true,"href":"https:\/\/diariodominicano.com\/index.php?rest_route=%2Fwp%2Fv2%2Fcomments&post=405244"}],"version-history":[{"count":1,"href":"https:\/\/diariodominicano.com\/index.php?rest_route=\/wp\/v2\/posts\/405244\/revisions"}],"predecessor-version":[{"id":405247,"href":"https:\/\/diariodominicano.com\/index.php?rest_route=\/wp\/v2\/posts\/405244\/revisions\/405247"}],"wp:featuredmedia":[{"embeddable":true,"href":"https:\/\/diariodominicano.com\/index.php?rest_route=\/wp\/v2\/media\/405245"}],"wp:attachment":[{"href":"https:\/\/diariodominicano.com\/index.php?rest_route=%2Fwp%2Fv2%2Fmedia&parent=405244"}],"wp:term":[{"taxonomy":"category","embeddable":true,"href":"https:\/\/diariodominicano.com\/index.php?rest_route=%2Fwp%2Fv2%2Fcategories&post=405244"},{"taxonomy":"post_tag","embeddable":true,"href":"https:\/\/diariodominicano.com\/index.php?rest_route=%2Fwp%2Fv2%2Ftags&post=405244"}],"curies":[{"name":"wp","href":"https:\/\/api.w.org\/{rel}","templated":true}]}}