{"id":405189,"date":"2022-12-22T22:56:58","date_gmt":"2022-12-23T02:56:58","guid":{"rendered":"http:\/\/diariodominicano.com\/?p=405189"},"modified":"2022-12-22T22:56:58","modified_gmt":"2022-12-23T02:56:58","slug":"ministerio-publico-obtiene-condena-de-30-anos-de-prision-contra-hombre-que-mato-a-otro-durante-atraco-en-el-sector-villa-maria","status":"publish","type":"post","link":"https:\/\/diariodominicano.com\/?p=405189","title":{"rendered":"Ministerio P\u00fablico obtiene condena de 30 a\u00f1os de prisi\u00f3n contra hombre que mat\u00f3 a otro durante atraco en el sector Villa Mar\u00eda"},"content":{"rendered":"\n<p><\/p>\n\n\n\n<p>SANTO DOMINGO, Rep\u00fablica Dominicana.- Atendiendo a la solicitud del Ministerio P\u00fablico, el Tercer Tribunal Colegiado del Distrito Nacional conden\u00f3 a 30 a\u00f1os de prisi\u00f3n a un hombre que mat\u00f3 a otro a balazos durante un atraco en el sector Villa Mar\u00eda.<\/p>\n\n\n\n<p>Yordwin Ernesto Jerez P\u00e9rez, alias Yoryi, fue enjuiciado por el homicidio de V\u00edctor Manuel P\u00e9rez Severino, alias Coraz\u00f3n, y por las graves heridas que caus\u00f3 a Manuel Selmo, mientras ambas v\u00edctimas transitaban a bordo de una motocicleta por la calle Jos\u00e9 Mart\u00ed, del referido sector.<\/p>\n\n\n\n<p>El Ministerio P\u00fablico, representado por los fiscales Julia V\u00e1squez y Jos\u00e9 Ram\u00f3n Mart\u00ednez, mostr\u00f3 ante el tribunal las pruebas testimoniales, documentales y periciales que demostraron la culpabilidad del procesado, quien viol\u00f3 los art\u00edculos 265, 266, 295, 304, 379 y 385 del C\u00f3digo Penal, que tipifican los delitos de asociaci\u00f3n de malhechores, robo agravado y homicidio.<\/p>\n\n\n\n<p>La acci\u00f3n de Jerez P\u00e9rez est\u00e1 tambi\u00e9n prevista y sancionada por los art\u00edculos 66 y 67 de la Ley 631-16, que regula el porte y tenencia de armas de fuego en la Rep\u00fablica Dominicana.<\/p>\n\n\n\n<p>La acusaci\u00f3n presentada por la Fiscal\u00eda estableci\u00f3 que el hoy condenado actu\u00f3 en compa\u00f1\u00eda de Yancarlos Santelises Padilla, alias Yanki, quien se encuentra pr\u00f3fugo.&nbsp;<\/p>\n\n\n\n<p>Ambos hombres se confabularon para cometer el atraco la madrugada el 9 de agosto de 2021 en la esquina formada por las calles Viuda de la Cruz y Jos\u00e9 Mart\u00ed, en momentos en que P\u00e9rez Severino transitaba junto a su amigo Manuel Selmo a&nbsp; bordo de una motocicleta&nbsp; conducida por este \u00faltimo.<\/p>\n\n\n\n<p>Cuando las v\u00edctimas llegaron a un reductor de velocidad, los atracadores la emprendieron a tiros contra los dos hombres, por lo que P\u00e9rez Severino falleci\u00f3 en el lugar del hecho y Selmo result\u00f3 con graves heridas.<\/p>\n\n\n\n<p>Al huir del lugar, los malhechores se llevaron consigo la motocicleta y otras pertenencias de los agredidos.<\/p>\n\n\n\n<p>Un testigo del hecho, que colabor\u00f3 en el proceso para la identificaci\u00f3n de los homicidas, llam\u00f3 al Sistema de Emergencias 9-1-1, lo que permiti\u00f3 que Selmo recibiera las atenciones que preservaron su vida.<\/p>\n\n\n\n<p>Yordwin Ernesto Jerez P\u00e9rez deber\u00e1 cumplir la pena en el Centro de Correcci\u00f3n y Rehabilitaci\u00f3n de Najayo-Hombres, en la provincia de San Crist\u00f3bal.<\/p>\n\n\n\n<p><strong>Direcci\u00f3n de Comunicaci\u00f3n y Prensa<\/strong><\/p>\n\n\n\n<p><strong>Procuradur\u00eda General-Ministerio P\u00fablico RD<\/strong><\/p>\n\n\n\n<p><strong>Mi\u00e9rcoles, 22 de diciembre del 2022<\/strong><\/p>\n","protected":false},"excerpt":{"rendered":"<p>SANTO DOMINGO, Rep\u00fablica Dominicana.- Atendiendo a la solicitud del Ministerio P\u00fablico, el Tercer Tribunal Colegiado del Distrito Nacional conden\u00f3 a 30 a\u00f1os de prisi\u00f3n a un hombre que mat\u00f3 a otro a balazos durante un atraco en el sector Villa Mar\u00eda. Yordwin Ernesto Jerez P\u00e9rez, alias Yoryi, fue enjuiciado por el homicidio de V\u00edctor Manuel [&hellip;]<\/p>\n","protected":false},"author":28,"featured_media":265615,"comment_status":"closed","ping_status":"","sticky":true,"template":"","format":"standard","meta":{"footnotes":""},"categories":[24,29,27],"tags":[],"class_list":["post-405189","post","type-post","status-publish","format-standard","has-post-thumbnail","hentry","category-justicia-y-derecho","category-policiasucesos","category-portada"],"_links":{"self":[{"href":"https:\/\/diariodominicano.com\/index.php?rest_route=\/wp\/v2\/posts\/405189","targetHints":{"allow":["GET"]}}],"collection":[{"href":"https:\/\/diariodominicano.com\/index.php?rest_route=\/wp\/v2\/posts"}],"about":[{"href":"https:\/\/diariodominicano.com\/index.php?rest_route=\/wp\/v2\/types\/post"}],"author":[{"embeddable":true,"href":"https:\/\/diariodominicano.com\/index.php?rest_route=\/wp\/v2\/users\/28"}],"replies":[{"embeddable":true,"href":"https:\/\/diariodominicano.com\/index.php?rest_route=%2Fwp%2Fv2%2Fcomments&post=405189"}],"version-history":[{"count":1,"href":"https:\/\/diariodominicano.com\/index.php?rest_route=\/wp\/v2\/posts\/405189\/revisions"}],"predecessor-version":[{"id":405190,"href":"https:\/\/diariodominicano.com\/index.php?rest_route=\/wp\/v2\/posts\/405189\/revisions\/405190"}],"wp:featuredmedia":[{"embeddable":true,"href":"https:\/\/diariodominicano.com\/index.php?rest_route=\/wp\/v2\/media\/265615"}],"wp:attachment":[{"href":"https:\/\/diariodominicano.com\/index.php?rest_route=%2Fwp%2Fv2%2Fmedia&parent=405189"}],"wp:term":[{"taxonomy":"category","embeddable":true,"href":"https:\/\/diariodominicano.com\/index.php?rest_route=%2Fwp%2Fv2%2Fcategories&post=405189"},{"taxonomy":"post_tag","embeddable":true,"href":"https:\/\/diariodominicano.com\/index.php?rest_route=%2Fwp%2Fv2%2Ftags&post=405189"}],"curies":[{"name":"wp","href":"https:\/\/api.w.org\/{rel}","templated":true}]}}