{"id":405186,"date":"2022-12-22T22:52:50","date_gmt":"2022-12-23T02:52:50","guid":{"rendered":"http:\/\/diariodominicano.com\/?p=405186"},"modified":"2022-12-22T22:52:50","modified_gmt":"2022-12-23T02:52:50","slug":"cuba-celebra-dia-del-educador-y-recuerda-proeza-cultural","status":"publish","type":"post","link":"https:\/\/diariodominicano.com\/?p=405186","title":{"rendered":"Cuba celebra D\u00eda del educador y recuerda proeza cultural"},"content":{"rendered":"\n<p>La Habana, 22 dic (Prensa Latina) Cuba celebra hoy el D\u00eda del Educador, en el aniversario 61 de la culminaci\u00f3n exitosa de la primera gran proeza educacional de la Revoluci\u00f3n: la Campa\u00f1a de alfabetizaci\u00f3n.&nbsp;&nbsp;&nbsp;&nbsp;<\/p>\n\n\n\n<ul class=\"wp-block-list\"><li>diciembre 22, 2022<\/li><li>CST09:17 (GMT) -0500<\/li><\/ul>\n\n\n\n<p>En los centros de ense\u00f1anza de todo el pa\u00eds, incluidos los de formaci\u00f3n pedag\u00f3gica, es reconocida la consagraci\u00f3n de esos profesionales dedicados a la noble tarea de educar y ense\u00f1ar; tambi\u00e9n a quienes en su temprana juventud contribuyeron con esa gesta.<\/p>\n\n\n\n<p>La v\u00edspera, directivos del Ministerio de Educaci\u00f3n Superior recibieron la Medalla Jos\u00e9 Tey por sus aportes a la formaci\u00f3n de las nuevas generaciones de profesionales y una obra dedicada a esa disciplina.<\/p>\n\n\n\n<p>Esa distinci\u00f3n reconoce la labor y m\u00e9ritos de educadores de cualquier nivel de ense\u00f1anza, con 25 a\u00f1os o m\u00e1s de desempe\u00f1o en el sector, y premia tambi\u00e9n a trabajadores de instituciones y organizaciones pol\u00edticas, sociales y de masas, cubanos o extranjeros, relevantes en la construcci\u00f3n del Socialismo.<\/p>\n\n\n\n<p>El 22 de diciembre de 1961 el l\u00edder de la Revoluci\u00f3n cubana, Fidel Castro, proclam\u00f3 al pa\u00eds territorio libre de analfabetismo, tras la batalla por el conocimiento que involucr\u00f3 a unos 271 mil educadores voluntarios de todo el territorio cubano, y coloc\u00f3 al pa\u00eds entre las naciones de m\u00e1s bajo \u00edndice de iletrados en el mundo.<\/p>\n\n\n\n<p>La Campa\u00f1a permiti\u00f3 sacar de la ignorancia a m\u00e1s de 700 mil personas, y cre\u00f3 las bases para la conformaci\u00f3n de un Sistema Educativo universal y gratuito en todos los niveles, el cual constituye una prioridad del Estado cubano.<\/p>\n\n\n\n<p>Hemos ganado una gran batalla, afirm\u00f3 Fidel Castro en aquella ocasi\u00f3n: \u201cy hay que llamarlo as\u00ed: batalla, porque la victoria contra el analfabetismo en nuestro pa\u00eds se ha logrado mediante una gran batalla, con todas las reglas de una gran batalla\u201d.<\/p>\n\n\n\n<p>En efecto, el temprano empe\u00f1o cultural se realiz\u00f3 en un contexto caracterizado por la hostilidad creciente de Estados Unidos que, tras la promulgaci\u00f3n de las primeras leyes revolucionarias, se emple\u00f3 en hacer fracasar el proceso de transformaciones en la isla por todos los medios a su alcance.<\/p>\n\n\n\n<p>Sin embargo, ni la ruptura de relaciones de esa potencia norte\u00f1a con Cuba en enero de 1961, ni la invasi\u00f3n mercenaria por Playa Gir\u00f3n en abril de ese a\u00f1o, ni la lucha contra las bandas de alzados en varios puntos del pa\u00eds, detuvieron la Campa\u00f1a.<\/p>\n\n\n\n<p>La epopeya cambi\u00f3 la vida de los hasta entonces analfabetos, as\u00ed como de sus maestros y del pa\u00eds, y permiti\u00f3 el desarrollo educacional experimentado por la naci\u00f3n en a\u00f1os posteriores con triunfos que son reconocidos internacionalmente.<\/p>\n\n\n\n<p>mgt\/evm<\/p>\n","protected":false},"excerpt":{"rendered":"<p>La Habana, 22 dic (Prensa Latina) Cuba celebra hoy el D\u00eda del Educador, en el aniversario 61 de la culminaci\u00f3n exitosa de la primera gran proeza educacional de la Revoluci\u00f3n: la Campa\u00f1a de alfabetizaci\u00f3n.&nbsp;&nbsp;&nbsp;&nbsp; diciembre 22, 2022 CST09:17 (GMT) -0500 En los centros de ense\u00f1anza de todo el pa\u00eds, incluidos los de formaci\u00f3n pedag\u00f3gica, es [&hellip;]<\/p>\n","protected":false},"author":28,"featured_media":405187,"comment_status":"closed","ping_status":"","sticky":false,"template":"","format":"standard","meta":{"footnotes":""},"categories":[26,23,27],"tags":[],"class_list":["post-405186","post","type-post","status-publish","format-standard","has-post-thumbnail","hentry","category-efemerides","category-internacional","category-portada"],"_links":{"self":[{"href":"https:\/\/diariodominicano.com\/index.php?rest_route=\/wp\/v2\/posts\/405186","targetHints":{"allow":["GET"]}}],"collection":[{"href":"https:\/\/diariodominicano.com\/index.php?rest_route=\/wp\/v2\/posts"}],"about":[{"href":"https:\/\/diariodominicano.com\/index.php?rest_route=\/wp\/v2\/types\/post"}],"author":[{"embeddable":true,"href":"https:\/\/diariodominicano.com\/index.php?rest_route=\/wp\/v2\/users\/28"}],"replies":[{"embeddable":true,"href":"https:\/\/diariodominicano.com\/index.php?rest_route=%2Fwp%2Fv2%2Fcomments&post=405186"}],"version-history":[{"count":1,"href":"https:\/\/diariodominicano.com\/index.php?rest_route=\/wp\/v2\/posts\/405186\/revisions"}],"predecessor-version":[{"id":405188,"href":"https:\/\/diariodominicano.com\/index.php?rest_route=\/wp\/v2\/posts\/405186\/revisions\/405188"}],"wp:featuredmedia":[{"embeddable":true,"href":"https:\/\/diariodominicano.com\/index.php?rest_route=\/wp\/v2\/media\/405187"}],"wp:attachment":[{"href":"https:\/\/diariodominicano.com\/index.php?rest_route=%2Fwp%2Fv2%2Fmedia&parent=405186"}],"wp:term":[{"taxonomy":"category","embeddable":true,"href":"https:\/\/diariodominicano.com\/index.php?rest_route=%2Fwp%2Fv2%2Fcategories&post=405186"},{"taxonomy":"post_tag","embeddable":true,"href":"https:\/\/diariodominicano.com\/index.php?rest_route=%2Fwp%2Fv2%2Ftags&post=405186"}],"curies":[{"name":"wp","href":"https:\/\/api.w.org\/{rel}","templated":true}]}}