{"id":405087,"date":"2022-12-22T00:15:51","date_gmt":"2022-12-22T04:15:51","guid":{"rendered":"http:\/\/diariodominicano.com\/?p=405087"},"modified":"2022-12-22T00:16:24","modified_gmt":"2022-12-22T04:16:24","slug":"ejercito-dominicano-derrota-al-ejercito-de-haiti-en-las-batallas-de-santome-y-cambronal-mueren-mas-de-680-militares-haitianos","status":"publish","type":"post","link":"https:\/\/diariodominicano.com\/?p=405087","title":{"rendered":"Ej\u00e9rcito dominicano derrota al Ej\u00e9rcito de Hait\u00ed en las Batallas de Santom\u00e9 y Cambronal.\u00a0 Mueren m\u00e1s de 680 militares haitianos"},"content":{"rendered":"\n<p>Jos\u00e9 Mar\u00eda Cabral <\/p>\n\n\n\n<p>Por HTN<\/p>\n\n\n\n<p>Diariodominicano.com<\/p>\n\n\n\n<p>SANTO DOMINGO,\u00a0 \u00a0el 22 de diciembre de 1855, tropas dominicanas comandadas por el general Jos\u00e9 Mar\u00eda Cabral, \u00a0derrotaron a las fuerzas haitianas comandadas por el general Soulouque, \u00a0en la batalla de Santom\u00e9.<\/p>\n\n\n\n<p>&nbsp;&nbsp; &nbsp;&nbsp;&nbsp;&nbsp;&nbsp;&nbsp; El informe militar destaca &nbsp;que en un extraordinario enfrentamiento el general Jos\u00e9 Mar\u00eda Cabral mat\u00f3 al general haitiano Antoine Pierre.<\/p>\n\n\n\n<p>&nbsp;&nbsp;&nbsp; &nbsp;&nbsp;&nbsp;&nbsp;&nbsp; Precisa que en la Batalla de Santom\u00e9, &nbsp;murieron&nbsp; 685 haitianos. &nbsp;Las tropas del general Soulouque, &nbsp;tambi\u00e9n perdieron 85 cajas de guerra y varios equipos militares.<\/p>\n\n\n\n<p>&nbsp;&nbsp;&nbsp; &nbsp;&nbsp;&nbsp;&nbsp;&nbsp; <strong>El mismo d\u00eda 22 de diciembre de 1855, las tropas dominicanas<\/strong> comandadas por el general Francisco Sosa, vencieron a los haitianos en la Batalla de Cambronal.<\/p>\n\n\n\n<p>&nbsp;&nbsp;&nbsp; &nbsp;&nbsp;&nbsp;&nbsp;&nbsp; En Cambronal, los haitianos perdieron 350 hombres y muri\u00f3 el general Garat, Duque de Leogane, quien comandaba las tropas haitianas que hab\u00edan invadido el territorio dominicano.<\/p>\n\n\n\n<p>&nbsp;&nbsp; &nbsp;&nbsp;&nbsp;&nbsp;&nbsp;&nbsp; Durante el mes de diciembre de 1855, los haitianos organizaron varias invasiones contra la Rep\u00fablica Dominicana, pero fueron vencidos.<\/p>\n\n\n\n<p>&nbsp;&nbsp;&nbsp; &nbsp;&nbsp;&nbsp;&nbsp;&nbsp; El Gobierno haitiano&nbsp; se negaba &nbsp;a reconocer la soberan\u00eda dominicana. Por ello, los primeros 12 a\u00f1os de vida Republicana,&nbsp; fueron de guerra contra Hait\u00ed, pues cada cierto tiempo organizaba invasiones militares contra Rep\u00fablica Dominicana.<\/p>\n","protected":false},"excerpt":{"rendered":"<p>Jos\u00e9 Mar\u00eda Cabral Por HTN Diariodominicano.com SANTO DOMINGO,\u00a0 \u00a0el 22 de diciembre de 1855, tropas dominicanas comandadas por el general Jos\u00e9 Mar\u00eda Cabral, \u00a0derrotaron a las fuerzas haitianas comandadas por el general Soulouque, \u00a0en la batalla de Santom\u00e9. &nbsp;&nbsp; &nbsp;&nbsp;&nbsp;&nbsp;&nbsp;&nbsp; El informe militar destaca &nbsp;que en un extraordinario enfrentamiento el general Jos\u00e9 Mar\u00eda Cabral mat\u00f3 [&hellip;]<\/p>\n","protected":false},"author":28,"featured_media":318613,"comment_status":"closed","ping_status":"","sticky":true,"template":"","format":"standard","meta":{"footnotes":""},"categories":[26,27],"tags":[],"class_list":["post-405087","post","type-post","status-publish","format-standard","has-post-thumbnail","hentry","category-efemerides","category-portada"],"_links":{"self":[{"href":"https:\/\/diariodominicano.com\/index.php?rest_route=\/wp\/v2\/posts\/405087","targetHints":{"allow":["GET"]}}],"collection":[{"href":"https:\/\/diariodominicano.com\/index.php?rest_route=\/wp\/v2\/posts"}],"about":[{"href":"https:\/\/diariodominicano.com\/index.php?rest_route=\/wp\/v2\/types\/post"}],"author":[{"embeddable":true,"href":"https:\/\/diariodominicano.com\/index.php?rest_route=\/wp\/v2\/users\/28"}],"replies":[{"embeddable":true,"href":"https:\/\/diariodominicano.com\/index.php?rest_route=%2Fwp%2Fv2%2Fcomments&post=405087"}],"version-history":[{"count":2,"href":"https:\/\/diariodominicano.com\/index.php?rest_route=\/wp\/v2\/posts\/405087\/revisions"}],"predecessor-version":[{"id":405089,"href":"https:\/\/diariodominicano.com\/index.php?rest_route=\/wp\/v2\/posts\/405087\/revisions\/405089"}],"wp:featuredmedia":[{"embeddable":true,"href":"https:\/\/diariodominicano.com\/index.php?rest_route=\/wp\/v2\/media\/318613"}],"wp:attachment":[{"href":"https:\/\/diariodominicano.com\/index.php?rest_route=%2Fwp%2Fv2%2Fmedia&parent=405087"}],"wp:term":[{"taxonomy":"category","embeddable":true,"href":"https:\/\/diariodominicano.com\/index.php?rest_route=%2Fwp%2Fv2%2Fcategories&post=405087"},{"taxonomy":"post_tag","embeddable":true,"href":"https:\/\/diariodominicano.com\/index.php?rest_route=%2Fwp%2Fv2%2Ftags&post=405087"}],"curies":[{"name":"wp","href":"https:\/\/api.w.org\/{rel}","templated":true}]}}