{"id":405054,"date":"2022-12-21T23:39:28","date_gmt":"2022-12-22T03:39:28","guid":{"rendered":"http:\/\/diariodominicano.com\/?p=405054"},"modified":"2022-12-21T23:39:28","modified_gmt":"2022-12-22T03:39:28","slug":"fiscal-de-tamboril-denuncia-p-n-no-lo-apoya-para-hacer-investigaciones","status":"publish","type":"post","link":"https:\/\/diariodominicano.com\/?p=405054","title":{"rendered":"Fiscal de Tamboril denuncia P.N. no lo apoya para hacer investigaciones"},"content":{"rendered":"\n<p><\/p>\n\n\n\n<p>SANTIAGO, RD.- El fiscal de Tamboril, Ram\u00f3n Ure\u00f1a, denunci\u00f3 las dificultades que tiene para desarrollar las labores que requieren del acompa\u00f1amiento de la Polic\u00eda Nacional en ese Municipio, la cual tiene a parte de sus agentes prestando servicios en establecimientos comerciales privados.<\/p>\n\n\n\n<p>El magistrado dijo que en el Juzgado de Paz no hay un polic\u00eda de servicio, por lo que la seguridad del personal est\u00e1 a cargo de un civil desarmado.<\/p>\n\n\n\n<p>Dijo que son muchos los pleitos y las discusiones que se arman en ese Tribunal.&nbsp;&nbsp;\u201cImag\u00ednese usted a un fiscal, a un juez y dem\u00e1s servidores sentados en el Tribunal, conociendo una causa sin protecci\u00f3n\u201d, precis\u00f3.<\/p>\n\n\n\n<p>El fiscal Ure\u00f1a agreg\u00f3 que tiene pendientes varios casos que requieren de la participaci\u00f3n de la Polic\u00eda, como es el hecho en que falleci\u00f3 un hijo del periodista Luis C\u00e9spedes Pe\u00f1a, que el conductor que lo atropell\u00f3 anda huyendo.<\/p>\n\n\n\n<p>En ese hecho falleci\u00f3 Luis Norberto C\u00e9spedes Vega. El caso sucedi\u00f3 el 2 de Noviembre y todav\u00eda no se sabe qu\u00e9 ocurri\u00f3, si fue un accidente de tr\u00e1nsito, porque hay envuelto un cami\u00f3n de una empresa, o fue un asesinato.<\/p>\n\n\n\n<p>C\u00e9spedes Pe\u00f1a visit\u00f3 al fiscal para saber c\u00f3mo andan las investigaciones de la muerte de su hijo, pero fue informado de que est\u00e1n en cero.&nbsp;&nbsp;<\/p>\n\n\n\n<p>El sector donde ocurri\u00f3 la muerte de C\u00e9spedes Vega, est\u00e1 a menos de 300 metros de la Supervisor\u00eda de la Polic\u00eda Nacional de Tamboril. Es comandada por el teniente coronel Collado Guerrero.&nbsp;&nbsp;<\/p>\n\n\n\n<p>\u201cHay que investigar el caso en el lugar del hecho, porque no sabemos qu\u00e9 pas\u00f3, pero yo solo no puedo hacerlo\u201d, manifest\u00f3 el fiscal Ure\u00f1a.<\/p>\n\n\n\n<p>El funcionario explic\u00f3 que la Polic\u00eda de Tamboril, no hizo ninguna&nbsp;&nbsp;investigaci\u00f3n del hecho. \u201cEse es un caso de la Polic\u00eda\u201d, agreg\u00f3.<\/p>\n\n\n\n<p>\u00a0Indic\u00f3 que como en el Municipio no funciona la Direcci\u00f3n General de Seguridad de Tr\u00e1nsito y Transporte Terrestre (DIGESETT), le\u00a0\u00a0corresponde a la Polic\u00eda Nacional actuar de inmediato cuando ocurre un accidente, pero no lo est\u00e1 haciendo.<\/p>\n\n\n\n<p>Luis C\u00e9spedes Pe\u00f1a<a target=\"_blank\" href=\"mailto:luiscespedesp49@gmail.com\" rel=\"noreferrer noopener\">luiscespedesp49@gmail.com<\/a><\/p>\n\n\n\n<p><\/p>\n","protected":false},"excerpt":{"rendered":"<p>SANTIAGO, RD.- El fiscal de Tamboril, Ram\u00f3n Ure\u00f1a, denunci\u00f3 las dificultades que tiene para desarrollar las labores que requieren del acompa\u00f1amiento de la Polic\u00eda Nacional en ese Municipio, la cual tiene a parte de sus agentes prestando servicios en establecimientos comerciales privados. El magistrado dijo que en el Juzgado de Paz no hay un polic\u00eda [&hellip;]<\/p>\n","protected":false},"author":28,"featured_media":405055,"comment_status":"closed","ping_status":"","sticky":true,"template":"","format":"standard","meta":{"footnotes":""},"categories":[29,27],"tags":[],"class_list":["post-405054","post","type-post","status-publish","format-standard","has-post-thumbnail","hentry","category-policiasucesos","category-portada"],"_links":{"self":[{"href":"https:\/\/diariodominicano.com\/index.php?rest_route=\/wp\/v2\/posts\/405054","targetHints":{"allow":["GET"]}}],"collection":[{"href":"https:\/\/diariodominicano.com\/index.php?rest_route=\/wp\/v2\/posts"}],"about":[{"href":"https:\/\/diariodominicano.com\/index.php?rest_route=\/wp\/v2\/types\/post"}],"author":[{"embeddable":true,"href":"https:\/\/diariodominicano.com\/index.php?rest_route=\/wp\/v2\/users\/28"}],"replies":[{"embeddable":true,"href":"https:\/\/diariodominicano.com\/index.php?rest_route=%2Fwp%2Fv2%2Fcomments&post=405054"}],"version-history":[{"count":1,"href":"https:\/\/diariodominicano.com\/index.php?rest_route=\/wp\/v2\/posts\/405054\/revisions"}],"predecessor-version":[{"id":405056,"href":"https:\/\/diariodominicano.com\/index.php?rest_route=\/wp\/v2\/posts\/405054\/revisions\/405056"}],"wp:featuredmedia":[{"embeddable":true,"href":"https:\/\/diariodominicano.com\/index.php?rest_route=\/wp\/v2\/media\/405055"}],"wp:attachment":[{"href":"https:\/\/diariodominicano.com\/index.php?rest_route=%2Fwp%2Fv2%2Fmedia&parent=405054"}],"wp:term":[{"taxonomy":"category","embeddable":true,"href":"https:\/\/diariodominicano.com\/index.php?rest_route=%2Fwp%2Fv2%2Fcategories&post=405054"},{"taxonomy":"post_tag","embeddable":true,"href":"https:\/\/diariodominicano.com\/index.php?rest_route=%2Fwp%2Fv2%2Ftags&post=405054"}],"curies":[{"name":"wp","href":"https:\/\/api.w.org\/{rel}","templated":true}]}}