{"id":40504,"date":"2020-01-07T16:12:24","date_gmt":"2020-01-07T16:12:24","guid":{"rendered":"http:\/\/diariodominicano.ddns.net\/?p=40504"},"modified":"2020-01-07T16:12:24","modified_gmt":"2020-01-07T16:12:24","slug":"imparcialidad-de-la-justicia","status":"publish","type":"post","link":"https:\/\/diariodominicano.com\/?p=40504","title":{"rendered":"&#13;Imparcialidad de la justicia"},"content":{"rendered":"<p><body><\/p>\n<p><strong>A Pleno Sol<\/strong><\/p>\n<p><strong>Imparcialidad de la justicia<\/strong><\/p>\n<p><strong>Por Manuel Hern\u00e1ndez Villeta<\/strong><\/p>\n<\/p>\n<\/p>\n<p>El sistema judicial dominicana lo que necesita  es fortalecimiento institucional. Ya se han emitido las modificaciones  necesarias a leyes y c\u00f3digos  para integrarlas a  la modernidad. Hace falta la reciedumbre de todos los jueces y fiscales, para que se apuntale el sistema.<\/p>\n<\/p>\n<p>La justicia no es un hecho aislado de la sociedad. Estamos viviendo en un momento donde campea la corrupci\u00f3n, la irresponsabilidad y el dejar hacer y dejar pasar. Si no se da el fortalecimiento del sistema judicial de modo real y efectivo, entonces se mantendr\u00e1 la falta de credibilidad de la poblaci\u00f3n.<\/p>\n<\/p>\n<p>De modo individual hay jueces y fiscales responsables, que cumplen con su deber, y hacen un sacerdocio de su investidura. Pero a nivel colectivo hay manchas negras que no se pueden ocultar. Hay que jueces que por medio o por pesos emiten sentencias  alegres y que provocan repulsas.<\/p>\n<\/p>\n<p>Pero es bueno que quede claro que tampoco se puede llevar al juez a que aplique condenas en base a la presi\u00f3n de la opini\u00f3n p\u00fablica. En muchas ocasiones, las voces callejeras tienen simpat\u00edas personales, que se apartan de la verdad y dejan pasar el fanatismo.<\/p>\n<\/p>\n<p>Esas fallas del sistema judicial tienen que ser enfrentadas desde hoy. Si el pasado a\u00f1o se presentaron problemas con jueces y fiscales, lo que se tiene que hacer es buscar las razones de esas fallas y tratar de enmendarlas. Hay que seguir con la l\u00ednea de que en todo el sistema judicial, los jueces salgan de  la carrera judicial.<\/p>\n<\/p>\n<p>No se puede hacer cambios a la carrera o por favores pol\u00edticos. Lo que se tiene que aplicar es lo que hay a mano. No hay ning\u00fan tratado donde se justifique que un juez sea irresponsable o responda a situaciones pol\u00edticas. Por lo que es obligatorio hacer  respetar el juramento, es la mejor acci\u00f3n  a tomar.<\/p>\n<\/p>\n<p>Desde luego, la justicia ayer y hoy, y quiz\u00e1s en un pasado reciente, estar\u00e1 encadenada  por las decisiones de los pol\u00edticos. Las altas cortes son un buen ejemplo. Los principales grupos pol\u00edticos obtienen cuotas, proporcionales a su poder\u00edo electoral.<\/p>\n<\/p>\n<p>En el pa\u00eds se tiene que poner fin a la pr\u00e1ctica permanente de la fragilidad en el accionar de los fiscales, muchos de los cuales llegan al cargo  por ser favorecidos por pol\u00edticos  de turnos. El Procurador General de la Republica siempre ser\u00e1 una posici\u00f3n   de compromisos, mientras el responsable  sea nombrado por un decreto.<\/p>\n<\/p>\n<p>En mis a\u00f1os de reportero, me toco durante un tiempo cubrir el \u00e1rea judicial, desde el Palacio de Justicia de Ciudad Nueva, hasta la Suprema Corte de Justicia. Mi evaluaci\u00f3n es que se ha avanzado mucho, se ha logrado ir echando la zapata de un sistema de justicia fuerte y responsable. Todav\u00eda hay que caminar todo el trecho, solo se han  dado los pasos iniciales. Pero tenemos confianza en que un d\u00eda se impondr\u00e1 como principio b\u00e1sico la ley aplicada a todos, sin importar su posici\u00f3n econ\u00f3mica, social o pol\u00edtica. Ante la ley, todos somos iguales. \u00a1Ay!, se me acabo la tinta.<\/p>\n<\/p>\n<h6> 2020-01-07 16:12:24 <\/h6>\n<p><!--\n<link rel=\"stylesheet\" href=\"css\/bootstrap.min.css\">\n\n\n<ul class=\"pagination\">\n\t    \n\t\n\n<li >\n\t<a href='?page_no=370'>Previous<\/a>\n\t<\/li>\n\n\n       \n    \n\n<li><a href='?page_no=1'>1<\/a><\/li>\n\n\n\n<li><a href='?page_no=2'>2<\/a><\/li>\n\n\n\n<li><a>...<\/a><\/li>\n\n\n\n<li><a href='?page_no=369'>369<\/a><\/li>\n\n\n\n<li><a href='?page_no=370'>370<\/a><\/li>\n\n\n\n<li class='active'><a>371<\/a><\/li>\n\n\n\n<li><a href='?page_no=372'>372<\/a><\/li>\n\n\n\n<li><a href='?page_no=373'>373<\/a><\/li>\n\n\n\n<li><a>...<\/a><\/li>\n\n\n\n<li><a href='?page_no=13611'>13611<\/a><\/li>\n\n\n\n<li><a href='?page_no=13612'>13612<\/a><\/li>\n\n    \n\t\n\n<li >\n\t<a href='?page_no=372'>Next<\/a>\n\t<\/li>\n\n\n    \n\n<li><a href='?page_no=13612'>Last &rsaquo;&rsaquo;<\/a><\/li>\n\n<\/ul>\n\n\n--><br \/>\n<\/body><\/p>\n","protected":false},"excerpt":{"rendered":"<p>A Pleno Sol Imparcialidad de la justicia Por Manuel Hern\u00e1ndez Villeta El sistema judicial dominicana lo que necesita es fortalecimiento institucional. Ya se han emitido las modificaciones necesarias a leyes y c\u00f3digos para integrarlas a la modernidad. Hace falta la reciedumbre de todos los jueces y fiscales, para que se apuntale el sistema. La justicia [&hellip;]<\/p>\n","protected":false},"author":3,"featured_media":0,"comment_status":"open","ping_status":"open","sticky":false,"template":"","format":"standard","meta":{"footnotes":""},"categories":[16],"tags":[],"class_list":["post-40504","post","type-post","status-publish","format-standard","hentry","category-opiniones"],"_links":{"self":[{"href":"https:\/\/diariodominicano.com\/index.php?rest_route=\/wp\/v2\/posts\/40504","targetHints":{"allow":["GET"]}}],"collection":[{"href":"https:\/\/diariodominicano.com\/index.php?rest_route=\/wp\/v2\/posts"}],"about":[{"href":"https:\/\/diariodominicano.com\/index.php?rest_route=\/wp\/v2\/types\/post"}],"author":[{"embeddable":true,"href":"https:\/\/diariodominicano.com\/index.php?rest_route=\/wp\/v2\/users\/3"}],"replies":[{"embeddable":true,"href":"https:\/\/diariodominicano.com\/index.php?rest_route=%2Fwp%2Fv2%2Fcomments&post=40504"}],"version-history":[{"count":0,"href":"https:\/\/diariodominicano.com\/index.php?rest_route=\/wp\/v2\/posts\/40504\/revisions"}],"wp:attachment":[{"href":"https:\/\/diariodominicano.com\/index.php?rest_route=%2Fwp%2Fv2%2Fmedia&parent=40504"}],"wp:term":[{"taxonomy":"category","embeddable":true,"href":"https:\/\/diariodominicano.com\/index.php?rest_route=%2Fwp%2Fv2%2Fcategories&post=40504"},{"taxonomy":"post_tag","embeddable":true,"href":"https:\/\/diariodominicano.com\/index.php?rest_route=%2Fwp%2Fv2%2Ftags&post=40504"}],"curies":[{"name":"wp","href":"https:\/\/api.w.org\/{rel}","templated":true}]}}