{"id":40493,"date":"2020-01-08T10:39:40","date_gmt":"2020-01-08T10:39:40","guid":{"rendered":"http:\/\/diariodominicano.ddns.net\/?p=40493"},"modified":"2020-01-08T10:39:40","modified_gmt":"2020-01-08T10:39:40","slug":"vision-globalel-peligro-de-2020-se-llama-donald-trump","status":"publish","type":"post","link":"https:\/\/diariodominicano.com\/?p=40493","title":{"rendered":"VISI\u00d3N GLOBAL&#13;&#13;El peligro de 2020 se llama Donald Trump"},"content":{"rendered":"<p><body><\/p>\n<p>Por Nelson Encarnaci\u00f3n<\/p>\n<\/p>\n<p>La administraci\u00f3n del presidente de los Estados Unidos, Donald Trump, se ha caracterizado por la provocaci\u00f3n sistem\u00e1tica y la creaci\u00f3n de incertidumbre en los m\u00e1s diversos aspectos de la cotidianidad global, desde el quiebre de viejos entendimientos hasta la hostilidad comercial a China.<\/p>\n<\/p>\n<p>Trump es, en cierta medida, un peligro universal cuyas dimensiones est\u00e1n a\u00fan por verse pero que no tardar\u00edan mucho en ser puestas al descubierto.<\/p>\n<\/p>\n<p>Este 20 de enero arriba al tercer aniversario como inquilino de La Casa Blanca, lo que significa que el 21 ingresa a la cuenta regresiva de un cuatrienio que ha estado caracterizado por la b\u00fasqueda constante de la crispaci\u00f3n, los conflictos y la puesta en marcha de una de las gestiones m\u00e1s desacreditadas de la larga historia democr\u00e1tica de los Estados Unidos.<\/p>\n<\/p>\n<p>Es tanto ese desprestigio del Gobierno estadounidense que de haber sido gobernante en otra naci\u00f3n y en otro tempo, ya habr\u00eda sido desalojado del poder por no estar apto para dirigir un Estado.<\/p>\n<\/p>\n<p>Trump es un rufi\u00e1n investido con el inmenso poder que ostenta el presidente de los Estados Unidos, una especie de emperador global al que se le teme siempre y a veces se le ama.<\/p>\n<\/p>\n<p>Este a\u00f1o, por el temperamento que caracteriza a un personaje d\u00edscolo, el mundo estar\u00e1 en vilo, pues si Trump llegase a percibir que su reelecci\u00f3n est\u00e1 en cuestionamiento, ya sea por los efectos del impeachment que lleva adelante la C\u00e1mara de Representantes motivado en las m\u00faltiples tropel\u00edas que ha cometido, o bien porque su popularidad cae por otros motivos relacionados, es muy probable que recurra al ardid que suelen emplear los mediocres.<\/p>\n<\/p>\n<p>Esto es, ante el debilitamiento interno apelan a la creaci\u00f3n de situaciones externas con tal de aglutinar apoyos, partiendo de la realidad de que ante conflictos internacionales que involucran al pa\u00eds, lo m\u00e1s probable es que los ciudadanos tiendan a colocarse detr\u00e1s de su l\u00edder por un elemental instinto de supervivencia nacional.<\/p>\n<\/p>\n<p>Una eventual ca\u00edda en la popularidad del mandatario ser\u00eda un pase directo a un escalamiento del conflicto con Ir\u00e1n, llegando incluso a atacar de forma masiva el pa\u00eds persa, aun cuando se sabe que las consecuencias ser\u00edan catastr\u00f3ficas para la paz mundial, pues Ir\u00e1n no son s\u00f3lo los iran\u00edes sino un conjunto de derivaciones geopol\u00edticas y geoecon\u00f3micas de dif\u00edcil control.<\/p>\n<\/p>\n<p>\u00bfQu\u00e9 papel juegan los l\u00edderes europeos, quienes en la coyuntura global se comportado frente a Trump como peones m\u00e1s que como aliados?<\/p>\n<\/p>\n<p>La ruptura unilateral del acuerdo nuclear con Ir\u00e1n por parte de Estados Unidos as\u00ed lo evidencia, pues fue suscrito por las potencias europeas, China y Rusia con el auspicio de Naciones Unidas, pero Trump lo ech\u00f3 al zafac\u00f3n. <\/p>\n<\/p>\n<p>Nelsonencar10@gmail.com<\/p>\n<h6> 2020-01-08 10:39:40 <\/h6>\n<p><!--\n<link rel=\"stylesheet\" href=\"css\/bootstrap.min.css\">\n\n\n<ul class=\"pagination\">\n\t    \n\t\n\n<li >\n\t<a href='?page_no=369'>Previous<\/a>\n\t<\/li>\n\n\n       \n    \n\n<li><a href='?page_no=1'>1<\/a><\/li>\n\n\n\n<li><a href='?page_no=2'>2<\/a><\/li>\n\n\n\n<li><a>...<\/a><\/li>\n\n\n\n<li><a href='?page_no=368'>368<\/a><\/li>\n\n\n\n<li><a href='?page_no=369'>369<\/a><\/li>\n\n\n\n<li class='active'><a>370<\/a><\/li>\n\n\n\n<li><a href='?page_no=371'>371<\/a><\/li>\n\n\n\n<li><a href='?page_no=372'>372<\/a><\/li>\n\n\n\n<li><a>...<\/a><\/li>\n\n\n\n<li><a href='?page_no=13611'>13611<\/a><\/li>\n\n\n\n<li><a href='?page_no=13612'>13612<\/a><\/li>\n\n    \n\t\n\n<li >\n\t<a href='?page_no=371'>Next<\/a>\n\t<\/li>\n\n\n    \n\n<li><a href='?page_no=13612'>Last &rsaquo;&rsaquo;<\/a><\/li>\n\n<\/ul>\n\n\n--><br \/>\n<\/body><\/p>\n","protected":false},"excerpt":{"rendered":"<p>Por Nelson Encarnaci\u00f3n La administraci\u00f3n del presidente de los Estados Unidos, Donald Trump, se ha caracterizado por la provocaci\u00f3n sistem\u00e1tica y la creaci\u00f3n de incertidumbre en los m\u00e1s diversos aspectos de la cotidianidad global, desde el quiebre de viejos entendimientos hasta la hostilidad comercial a China. Trump es, en cierta medida, un peligro universal cuyas [&hellip;]<\/p>\n","protected":false},"author":3,"featured_media":0,"comment_status":"open","ping_status":"open","sticky":false,"template":"","format":"standard","meta":{"footnotes":""},"categories":[16],"tags":[],"class_list":["post-40493","post","type-post","status-publish","format-standard","hentry","category-opiniones"],"_links":{"self":[{"href":"https:\/\/diariodominicano.com\/index.php?rest_route=\/wp\/v2\/posts\/40493","targetHints":{"allow":["GET"]}}],"collection":[{"href":"https:\/\/diariodominicano.com\/index.php?rest_route=\/wp\/v2\/posts"}],"about":[{"href":"https:\/\/diariodominicano.com\/index.php?rest_route=\/wp\/v2\/types\/post"}],"author":[{"embeddable":true,"href":"https:\/\/diariodominicano.com\/index.php?rest_route=\/wp\/v2\/users\/3"}],"replies":[{"embeddable":true,"href":"https:\/\/diariodominicano.com\/index.php?rest_route=%2Fwp%2Fv2%2Fcomments&post=40493"}],"version-history":[{"count":0,"href":"https:\/\/diariodominicano.com\/index.php?rest_route=\/wp\/v2\/posts\/40493\/revisions"}],"wp:attachment":[{"href":"https:\/\/diariodominicano.com\/index.php?rest_route=%2Fwp%2Fv2%2Fmedia&parent=40493"}],"wp:term":[{"taxonomy":"category","embeddable":true,"href":"https:\/\/diariodominicano.com\/index.php?rest_route=%2Fwp%2Fv2%2Fcategories&post=40493"},{"taxonomy":"post_tag","embeddable":true,"href":"https:\/\/diariodominicano.com\/index.php?rest_route=%2Fwp%2Fv2%2Ftags&post=40493"}],"curies":[{"name":"wp","href":"https:\/\/api.w.org\/{rel}","templated":true}]}}