{"id":404899,"date":"2022-12-21T13:51:30","date_gmt":"2022-12-21T17:51:30","guid":{"rendered":"http:\/\/diariodominicano.com\/?p=404899"},"modified":"2022-12-21T13:51:30","modified_gmt":"2022-12-21T17:51:30","slug":"presidente-abinader-encabeza-entrega-de-130-motocicletas-del-sistema-9-1-1-a-la-policia-nacional","status":"publish","type":"post","link":"https:\/\/diariodominicano.com\/?p=404899","title":{"rendered":"Presidente Abinader encabeza entrega de 130 motocicletas del Sistema 9-1-1 a la Polic\u00eda Nacional"},"content":{"rendered":"\n<p>diariodominicano.com<\/p>\n\n\n\n<p><strong>Santo Domingo, R. D.,  21 de diciembre, 2022.\u2013\u00a0<\/strong>El excelent\u00edsimo se\u00f1or presidente constitucional de la Rep\u00fablica, Luis Abinader Corona, encabez\u00f3 la entrega de 130 motocicletas que realiz\u00f3 el Sistema Nacional de Atenci\u00f3n a Emergencias y Seguridad 9-1-1 a la Polic\u00eda Nacional, en la explanada frontal de dicha instituci\u00f3n.<\/p>\n\n\n\n<p>Estos veh\u00edculos est\u00e1n equipados con el Sistema de Posicionamiento Global (GPS, por sus siglas en ingl\u00e9s), siendo la primera entrega de un total de 370 unidades.<\/p>\n\n\n\n<p>El ministro de la Presidencia y presidente del Consejo Nacional del Sistema 9-1-1, Joel Santos Echavarr\u00eda, destac\u00f3 que el prop\u00f3sito de esta adquisici\u00f3n es la incorporaci\u00f3n inmediata de estos veh\u00edculos a la flotilla policiaca para beneficio de todos los ciudadanos.<\/p>\n\n\n\n<p>\u201cEsta nueva entrega es una evidencia m\u00e1s del compromiso inquebrantable del superior gobierno, encabezado por el excelent\u00edsimo se\u00f1or presidente constitucional de la Rep\u00fablica, Luis Abinader Corona, de garantizar la seguridad ciudadana a los dominicanos, mediante decisiones tangibles\u201d, manifest\u00f3 Santos Echavarr\u00eda.<\/p>\n\n\n\n<p>La Polic\u00eda Nacional, en calidad de instituci\u00f3n de respuesta del Sistema 9-1-1 fue resaltada por el director ejecutivo de la entidad, coronel piloto, Randolfo Rijo G\u00f3mez, ERD, como un aliado estrat\u00e9gico, en quien recae una funci\u00f3n trascendental e indispensable para la asistencia a los eventos de seguridad y situaciones cr\u00edticas reportadas por los usuarios.<\/p>\n\n\n\n<p>\u201cEste nuevo parque vehicular viene a reforzar las acciones desplegadas en la acertada Estrategia de Patrullaje por Cuadrantes que implementa actualmente la Polic\u00eda Nacional, cuyos resultados recientes han sido significativos para el bienestar de la poblaci\u00f3n impactada\u201d, expres\u00f3 Rijo G\u00f3mez.<\/p>\n\n\n\n<p>Mientras, el director de la Polic\u00eda Nacional, mayor general, Eduardo Alberto Then, recibi\u00f3 la nueva flotilla y agradeci\u00f3 \u201cel esfuerzo e inter\u00e9s genuino del Sistema 9-1-1 en acompa\u00f1ar a las instituciones de respuesta en sus procesos de fortalecimiento operativo, en la adquisici\u00f3n de equipamientos, flotillas vehiculares e implementaciones tecnol\u00f3gicas, para garantizar una mejora continua de la calidad del servicio brindado a la poblaci\u00f3n dominicana\u201d.<\/p>\n\n\n\n<p>En el Sistema 9-1-1 la Polic\u00eda Nacional contribuye en la resoluci\u00f3n de hechos acaecidos en las 25 provincias donde opera este servicio p\u00fablico gratuito, evidenciado en las 468 mil 183 gestiones de emergencias asignadas a la entidad, desde el mes de enero hasta septiembre del corriente a\u00f1o.<\/p>\n\n\n\n<p>Durante la entrega, encabezada por el primer mandatario de la naci\u00f3n, tambi\u00e9n estuvo presente el teniente coronel piloto, Harold Jim\u00e9nez Polanco, ERD, subdirector del Sistema 9-1-1.<\/p>\n\n\n\n<p><strong>21 de diciembre del&nbsp;2022<\/strong><\/p>\n\n\n\n<p>Fuente: Direcci\u00f3n de Comunicaci\u00f3n\u00a0<\/p>\n","protected":false},"excerpt":{"rendered":"<p>diariodominicano.com Santo Domingo, R. D., 21 de diciembre, 2022.\u2013\u00a0El excelent\u00edsimo se\u00f1or presidente constitucional de la Rep\u00fablica, Luis Abinader Corona, encabez\u00f3 la entrega de 130 motocicletas que realiz\u00f3 el Sistema Nacional de Atenci\u00f3n a Emergencias y Seguridad 9-1-1 a la Polic\u00eda Nacional, en la explanada frontal de dicha instituci\u00f3n. Estos veh\u00edculos est\u00e1n equipados con el Sistema [&hellip;]<\/p>\n","protected":false},"author":5,"featured_media":404920,"comment_status":"closed","ping_status":"","sticky":true,"template":"","format":"standard","meta":{"footnotes":""},"categories":[20,29,27],"tags":[],"class_list":["post-404899","post","type-post","status-publish","format-standard","has-post-thumbnail","hentry","category-dominicana-hoy","category-policiasucesos","category-portada"],"_links":{"self":[{"href":"https:\/\/diariodominicano.com\/index.php?rest_route=\/wp\/v2\/posts\/404899","targetHints":{"allow":["GET"]}}],"collection":[{"href":"https:\/\/diariodominicano.com\/index.php?rest_route=\/wp\/v2\/posts"}],"about":[{"href":"https:\/\/diariodominicano.com\/index.php?rest_route=\/wp\/v2\/types\/post"}],"author":[{"embeddable":true,"href":"https:\/\/diariodominicano.com\/index.php?rest_route=\/wp\/v2\/users\/5"}],"replies":[{"embeddable":true,"href":"https:\/\/diariodominicano.com\/index.php?rest_route=%2Fwp%2Fv2%2Fcomments&post=404899"}],"version-history":[{"count":1,"href":"https:\/\/diariodominicano.com\/index.php?rest_route=\/wp\/v2\/posts\/404899\/revisions"}],"predecessor-version":[{"id":404921,"href":"https:\/\/diariodominicano.com\/index.php?rest_route=\/wp\/v2\/posts\/404899\/revisions\/404921"}],"wp:featuredmedia":[{"embeddable":true,"href":"https:\/\/diariodominicano.com\/index.php?rest_route=\/wp\/v2\/media\/404920"}],"wp:attachment":[{"href":"https:\/\/diariodominicano.com\/index.php?rest_route=%2Fwp%2Fv2%2Fmedia&parent=404899"}],"wp:term":[{"taxonomy":"category","embeddable":true,"href":"https:\/\/diariodominicano.com\/index.php?rest_route=%2Fwp%2Fv2%2Fcategories&post=404899"},{"taxonomy":"post_tag","embeddable":true,"href":"https:\/\/diariodominicano.com\/index.php?rest_route=%2Fwp%2Fv2%2Ftags&post=404899"}],"curies":[{"name":"wp","href":"https:\/\/api.w.org\/{rel}","templated":true}]}}