{"id":404735,"date":"2022-12-20T00:27:04","date_gmt":"2022-12-20T04:27:04","guid":{"rendered":"http:\/\/diariodominicano.com\/?p=404735"},"modified":"2022-12-20T00:28:04","modified_gmt":"2022-12-20T04:28:04","slug":"matan-al-guia-guerrillero-domingo-sanchez-bisono-el-guajiro","status":"publish","type":"post","link":"https:\/\/diariodominicano.com\/?p=404735","title":{"rendered":"Matan al gu\u00eda guerrillero Domingo S\u00e1nchez Bison\u00f3 (El Guajiro)"},"content":{"rendered":"\n<p>Por HTN<\/p>\n\n\n\n<p>Diariodominicano.com<\/p>\n\n\n\n<p>SANTO DOMINGO, el 20 de diciembre de 1963, el gu\u00eda guerrillero del Frente de Las Manaclas, Comandante Enrique Jim\u00e9nez Moya, Domingo S\u00e1nchez Bison\u00f3\u00a0 (El Guajiro)\u00a0 fue muerto a cuchilladas por el due\u00f1o de una pulper\u00eda que intent\u00f3 arrestarlo al sospechar\u00a0 que era un guerrillero.<\/p>\n\n\n\n<p>&nbsp;&nbsp;&nbsp;&nbsp; El Guajiro S\u00e1nchez Bison\u00f3,&nbsp; hab\u00eda tocado al negocio, situado en el paraje Alto de la Diferencia, a las 10 de la noche, con el prop\u00f3sito de comprar alimentos, pero cuando el due\u00f1o abri\u00f3, intent\u00f3 arrestarlo, por lo que el guerrillero lanz\u00f3 la voz de alerta a sus compa\u00f1eros. En esa circunstancia fue herido de muerte.<\/p>\n\n\n\n<p>&nbsp;&nbsp; Los guerrilleros que estaban cerca de la pulper\u00eda dispararon y alcanzaron al due\u00f1o del negocio, Manuel de Jes\u00fas Rodr\u00edguez, quien sufri\u00f3 heridas de gravedad.<\/p>\n\n\n\n<p>&nbsp;&nbsp;&nbsp; El d\u00eda 20 de diciembre de 1963, tambi\u00e9n se conoci\u00f3 la informaci\u00f3n de que la noche anterior, hab\u00eda sido sepultado en La Romana, el cad\u00e1ver del guerrillero Jos\u00e9 Padua Falet.&nbsp; Al acto asistieron familiares y personas de la poblaci\u00f3n.<\/p>\n\n\n\n<p>&nbsp;&nbsp;&nbsp;&nbsp; Jos\u00e9 Padua Falet, hab\u00eda sido muerto por miembros del Ej\u00e9rcito Regular, en la loma la Berrenda de Miches, en un hecho ocurrido el 14 de diciembre de 1963.<\/p>\n\n\n\n<p>&nbsp;El 20 de diciembre tambi\u00e9n se difundi\u00f3 la informaci\u00f3n de que efectivos militares allanaron la residencia del doctor Manuel Aurelio \u2013Manolo- Tavarez Justo.<\/p>\n","protected":false},"excerpt":{"rendered":"<p>Por HTN Diariodominicano.com SANTO DOMINGO, el 20 de diciembre de 1963, el gu\u00eda guerrillero del Frente de Las Manaclas, Comandante Enrique Jim\u00e9nez Moya, Domingo S\u00e1nchez Bison\u00f3\u00a0 (El Guajiro)\u00a0 fue muerto a cuchilladas por el due\u00f1o de una pulper\u00eda que intent\u00f3 arrestarlo al sospechar\u00a0 que era un guerrillero. &nbsp;&nbsp;&nbsp;&nbsp; El Guajiro S\u00e1nchez Bison\u00f3,&nbsp; hab\u00eda tocado al [&hellip;]<\/p>\n","protected":false},"author":28,"featured_media":0,"comment_status":"closed","ping_status":"","sticky":true,"template":"","format":"standard","meta":{"footnotes":""},"categories":[26,27],"tags":[],"class_list":["post-404735","post","type-post","status-publish","format-standard","hentry","category-efemerides","category-portada"],"_links":{"self":[{"href":"https:\/\/diariodominicano.com\/index.php?rest_route=\/wp\/v2\/posts\/404735","targetHints":{"allow":["GET"]}}],"collection":[{"href":"https:\/\/diariodominicano.com\/index.php?rest_route=\/wp\/v2\/posts"}],"about":[{"href":"https:\/\/diariodominicano.com\/index.php?rest_route=\/wp\/v2\/types\/post"}],"author":[{"embeddable":true,"href":"https:\/\/diariodominicano.com\/index.php?rest_route=\/wp\/v2\/users\/28"}],"replies":[{"embeddable":true,"href":"https:\/\/diariodominicano.com\/index.php?rest_route=%2Fwp%2Fv2%2Fcomments&post=404735"}],"version-history":[{"count":3,"href":"https:\/\/diariodominicano.com\/index.php?rest_route=\/wp\/v2\/posts\/404735\/revisions"}],"predecessor-version":[{"id":404738,"href":"https:\/\/diariodominicano.com\/index.php?rest_route=\/wp\/v2\/posts\/404735\/revisions\/404738"}],"wp:attachment":[{"href":"https:\/\/diariodominicano.com\/index.php?rest_route=%2Fwp%2Fv2%2Fmedia&parent=404735"}],"wp:term":[{"taxonomy":"category","embeddable":true,"href":"https:\/\/diariodominicano.com\/index.php?rest_route=%2Fwp%2Fv2%2Fcategories&post=404735"},{"taxonomy":"post_tag","embeddable":true,"href":"https:\/\/diariodominicano.com\/index.php?rest_route=%2Fwp%2Fv2%2Ftags&post=404735"}],"curies":[{"name":"wp","href":"https:\/\/api.w.org\/{rel}","templated":true}]}}