{"id":404701,"date":"2022-12-19T23:55:15","date_gmt":"2022-12-20T03:55:15","guid":{"rendered":"http:\/\/diariodominicano.com\/?p=404701"},"modified":"2022-12-19T23:56:33","modified_gmt":"2022-12-20T03:56:33","slug":"policia-nacional-apresa-cuatro-personas-ocupa-igual-numero-de-armas-de-fuego-sin-documento-en-santiago","status":"publish","type":"post","link":"https:\/\/diariodominicano.com\/?p=404701","title":{"rendered":"Polic\u00eda Nacional apresa cuatro personas ocupa y igual n\u00famero de armas de fuego sin documento\u00a0\u00a0en Santiago"},"content":{"rendered":"\n<p><\/p>\n\n\n\n<figure class=\"wp-block-image size-full\"><img loading=\"lazy\" decoding=\"async\" width=\"122\" height=\"129\" src=\"https:\/\/diariodominicano.com\/wp-content\/uploads\/2022\/12\/santiago-arma2.png\" alt=\"\" class=\"wp-image-404703\"\/><\/figure>\n\n\n\n<p><strong>Santiago de los Caballeros, R.D. 19 de Diciembre&nbsp;&nbsp;del 2022.-<\/strong>&nbsp;La Polic\u00eda Nacional inform\u00f3 el lunes contin\u00faa trabajando sin descanso en pro de prevenir el delito, apresando cuatro personas y recuperando igual n\u00famero de arma de&nbsp;&nbsp;fuego sin documentos, incluyendo dos de fabricaci\u00f3n casera mediante operativos focalizados en esta ciudad.<\/p>\n\n\n\n<p>Los prevenidos son Reyes Domingo Solano Santana,&nbsp;&nbsp;arrestado en el sector Villa Ol\u00edmpica, cuando transitaba en actitud sospechosa, a bordo de un carro marca Kia, color blanco, ocup\u00e1ndole la pistola marca Tauro, calibre 9mm, numeraci\u00f3n&nbsp;&nbsp;ilegible, con dos cargadores uno con capacidad de 14 c\u00e1psulas y el otro de 30, los mismos conten\u00edan la cantidad 35 municiones entre ambos.<\/p>\n\n\n\n<figure class=\"wp-block-image size-full\"><img loading=\"lazy\" decoding=\"async\" width=\"194\" height=\"147\" src=\"https:\/\/diariodominicano.com\/wp-content\/uploads\/2022\/12\/santiago-arma-y-dinero.png\" alt=\"\" class=\"wp-image-404704\"\/><\/figure>\n\n\n\n<p>En otro orden el nombrado Deivis Manuel Antonio Rosado, fue detenido despu\u00e9s de resultar herido en acci\u00f3n legal por una patrulla de DICRIM, mientras se encontraba baqueando un punto de venta y distribuci\u00f3n de sustancias controladas, ubicado en Pek\u00edn, quien al notar la presencia policial intent\u00f3 halar la pistola marca &nbsp;Hungary FEG, calibre 9, serie G32079, actuando dichos miembros en consecuencia, resultando con la herida que presenta, ocup\u00e1ndole el arma en menci\u00f3n, la misma no figura registrada, $875 pesos y un celular.<\/p>\n\n\n\n<p>Adem\u00e1s La Polic\u00eda inform\u00f3 que dos menores de 16 a\u00f1os, resultaron apresados, sus nombres se omiten por razones legales, ocup\u00e1ndoles a cada uno, arma de fabricaci\u00f3n casera denominada (chilena y chag\u00f3n), uno de los j\u00f3venes se encontraba en compa\u00f1\u00eda de un tal Yordi alias El Aguacatico, (Pr\u00f3fugo), a bordo de una motocicleta, emprendiendo la huida al ver la unidad policial.<\/p>\n\n\n\n<p>Los detenidos y lo ocupado fueron enviados a los departamentos correspondientes&nbsp;&nbsp;para los fines procedentes de ley.<\/p>\n\n\n\n<figure class=\"wp-block-image\"><img decoding=\"async\" src=\"https:\/\/mail.google.com\/mail\/u\/1?ui=2&amp;ik=e6c115171d&amp;attid=0.1&amp;permmsgid=msg-f:1752668282594860201&amp;th=1852ba8459291ca9&amp;view=fimg&amp;fur=ip&amp;sz=s0-l75-ft&amp;attbid=ANGjdJ-qZNRmYBdN-PID1Bdl--oTZjqLMTv2N0AnvCKQ7IW0xi8cSKeVsa8g-y2xPCwGZQ9-HcbZXumhSQ9NZIIWPeSP19gCpXpLl0zkTc5dr_aTLyicY_Hmw1ITKn8&amp;disp=emb&amp;realattid=ii_lbv4tcbx0\" alt=\"image.png\"\/><\/figure>\n\n\n\n<figure class=\"wp-block-image\"><img decoding=\"async\" src=\"https:\/\/mail.google.com\/mail\/u\/1?ui=2&amp;ik=e6c115171d&amp;attid=0.2&amp;permmsgid=msg-f:1752668282594860201&amp;th=1852ba8459291ca9&amp;view=fimg&amp;fur=ip&amp;sz=s0-l75-ft&amp;attbid=ANGjdJ94Kmz03eqbl4S0u97Wtxc3zsTZJB8-1-jTgGyCTDEorMKL84t6Mr_wxttS1LZ7lgsXdKwCdN5VOr7fTBWqSd7-PFvsEVcCK9UbbdwRxqQ9kj6zQeMOr6sMneY&amp;disp=emb&amp;realattid=ii_lbv4u4mt1\" alt=\"image.png\"\/><\/figure>\n\n\n\n<figure class=\"wp-block-image\"><img decoding=\"async\" src=\"https:\/\/mail.google.com\/mail\/u\/1?ui=2&amp;ik=e6c115171d&amp;attid=0.3&amp;permmsgid=msg-f:1752668282594860201&amp;th=1852ba8459291ca9&amp;view=fimg&amp;fur=ip&amp;sz=s0-l75-ft&amp;attbid=ANGjdJ_DK2L9VUydnhNCEdJ1Ei_ZQoNumXuqxlCZy0qdQTGXItuIv_0Y_GPNl6jFMDe0wG870CvuM2GqKaj46OM7bU9PNUWxbnvbA-WI4GIet_8Selj_gYo1FGhFiZo&amp;disp=emb&amp;realattid=ii_lbv4uu7c2\" alt=\"image.png\"\/><\/figure>\n\n\n\n<p><strong>OFICINA DE INFORMACI\u00d3N Y COMUNICACIONES ESTRAT\u00c9GICAS DIRECCI\u00d3N REGIONAL CIBAO CENTRAL DE LA POLIC\u00cdA NACIONAL.<\/strong><\/p>\n\n\n\n<p>policia nacional<a target=\"_blank\" href=\"mailto:npolicia14@gmail.com\" rel=\"noreferrer noopener\">npolicia14@gmail.com<\/a><\/p>\n","protected":false},"excerpt":{"rendered":"<p>Santiago de los Caballeros, R.D. 19 de Diciembre&nbsp;&nbsp;del 2022.-&nbsp;La Polic\u00eda Nacional inform\u00f3 el lunes contin\u00faa trabajando sin descanso en pro de prevenir el delito, apresando cuatro personas y recuperando igual n\u00famero de arma de&nbsp;&nbsp;fuego sin documentos, incluyendo dos de fabricaci\u00f3n casera mediante operativos focalizados en esta ciudad. Los prevenidos son Reyes Domingo Solano Santana,&nbsp;&nbsp;arrestado en [&hellip;]<\/p>\n","protected":false},"author":28,"featured_media":404702,"comment_status":"closed","ping_status":"","sticky":true,"template":"","format":"standard","meta":{"footnotes":""},"categories":[29,27],"tags":[],"class_list":["post-404701","post","type-post","status-publish","format-standard","has-post-thumbnail","hentry","category-policiasucesos","category-portada"],"_links":{"self":[{"href":"https:\/\/diariodominicano.com\/index.php?rest_route=\/wp\/v2\/posts\/404701","targetHints":{"allow":["GET"]}}],"collection":[{"href":"https:\/\/diariodominicano.com\/index.php?rest_route=\/wp\/v2\/posts"}],"about":[{"href":"https:\/\/diariodominicano.com\/index.php?rest_route=\/wp\/v2\/types\/post"}],"author":[{"embeddable":true,"href":"https:\/\/diariodominicano.com\/index.php?rest_route=\/wp\/v2\/users\/28"}],"replies":[{"embeddable":true,"href":"https:\/\/diariodominicano.com\/index.php?rest_route=%2Fwp%2Fv2%2Fcomments&post=404701"}],"version-history":[{"count":3,"href":"https:\/\/diariodominicano.com\/index.php?rest_route=\/wp\/v2\/posts\/404701\/revisions"}],"predecessor-version":[{"id":404707,"href":"https:\/\/diariodominicano.com\/index.php?rest_route=\/wp\/v2\/posts\/404701\/revisions\/404707"}],"wp:featuredmedia":[{"embeddable":true,"href":"https:\/\/diariodominicano.com\/index.php?rest_route=\/wp\/v2\/media\/404702"}],"wp:attachment":[{"href":"https:\/\/diariodominicano.com\/index.php?rest_route=%2Fwp%2Fv2%2Fmedia&parent=404701"}],"wp:term":[{"taxonomy":"category","embeddable":true,"href":"https:\/\/diariodominicano.com\/index.php?rest_route=%2Fwp%2Fv2%2Fcategories&post=404701"},{"taxonomy":"post_tag","embeddable":true,"href":"https:\/\/diariodominicano.com\/index.php?rest_route=%2Fwp%2Fv2%2Ftags&post=404701"}],"curies":[{"name":"wp","href":"https:\/\/api.w.org\/{rel}","templated":true}]}}