{"id":40470,"date":"2020-01-08T23:36:01","date_gmt":"2020-01-08T23:36:01","guid":{"rendered":"http:\/\/diariodominicano.ddns.net\/?p=40470"},"modified":"2020-01-08T23:36:01","modified_gmt":"2020-01-08T23:36:01","slug":"la-tercera-mundial","status":"publish","type":"post","link":"https:\/\/diariodominicano.com\/?p=40470","title":{"rendered":"La tercera mundial"},"content":{"rendered":"<p><body><\/p>\n<\/p>\n<p>A Pleno Sol<\/p>\n<\/p>\n<p>La tercera mundial<\/p>\n<\/p>\n<p>Por Manuel Hern\u00e1ndez Villeta<\/p>\n<\/p>\n<\/p>\n<p>Entramos comenzando el  a\u00f1o 2020 en medio de la sangre, la muerte y el luto. La confrontaci\u00f3n  es la regla de hoy. La humanidad vive sometida a la violencia, y el espectro de la guerra abre su boca con sabor a p\u00f3lvora.<\/p>\n<\/p>\n<p>En todos los rincones del mundo se est\u00e1 imponiendo la intolerancia, el atropello de los m\u00e1s poderosos, la lucha sin cuartel por alcanzar dominios imperiales. Se habla de la tercera guerra mundial, mientras se agudiza el conflicto entre los Estados Unidos e Ir\u00e1n.<\/p>\n<\/p>\n<p>Las guerras mundiales no ocurrieron por choques de personalidades, sino por tratar de dividir el mundo en \u00e1reas de dominios econ\u00f3micos. Pas\u00f3 con la primera  y la segunda, y de seguro que lo econ\u00f3mico ser\u00e1 el detonante detr\u00e1s de la tercera.<\/p>\n<\/p>\n<p>Si revisamos todas las grandes guerras de la humanidad, veremos que su catapulta son las riquezas o predominio de la fe. Por cuestiones religiosas han muerto millones de personas, se ha contaminado  el planeta y se  sepult\u00f3 a los d\u00e9biles bajo las botas o sandalias del m\u00e1s poderoso.<\/p>\n<\/p>\n<p>La lucha entre Ir\u00e1n y los Estados Unidos puede llevar al mundo a una tercera guerra mundial, en caso de que no se imponga un alto en el camino de los enfrentamientos. Las guerras de hoy tienen un componente pol\u00edtico y militar. Regularmente, lo pol\u00edtica est\u00e1 por encima de lo b\u00e9lico.<\/p>\n<\/p>\n<p>En base a esa ecuaci\u00f3n, se torna dif\u00edcil, pero no imposible, que esta crisis termine en una conflagraci\u00f3n mundial. La pol\u00edtica de Donald Trumph le obliga a depender de decisiones de aliados, como los europeos, y de otras potencias que reclaman su pedazo en la geopol\u00edtica.<\/p>\n<\/p>\n<p>China, Rusia, la Comunidad Europea, y su lucha por posiciones econ\u00f3micas, impide que se d\u00e9 una tercera guerra mundial, ambientada por la pugna de los norteamericanos y la tierra de los ayatolas. Los norteamericanos no se lo pueden jugar todo a una carta, sin contar con el respaldo de sus tradicionales aliados de Europa.<\/p>\n<\/p>\n<p>Sometidos a una crisis econ\u00f3mica, y al asedio de millones de refugiados, los pa\u00edses europeos est\u00e1n tratando de mantener su unidad y sobrevivir. Para ellos una guerra que no busca ni desean, seria de exterminio. Ahora  mismo no est\u00e1n apoyando a los norteamericanos, y por el contrario est\u00e1n retirando parte de sus tropas del medio oriente.<\/p>\n<\/p>\n<p>La posici\u00f3n de China y Rusia impide una mayor ampliaci\u00f3n belicista de los Estados Unidos. Pasar la l\u00ednea roja de los l\u00edmites de  las \u00e1reas de influencia de las grandes potencias, si podr\u00eda llevar a un choque irremediable.  Los intereses econ\u00f3micos llevaran al mundo a la tercera guerra mundial, Pero esta no es la hora.<\/p>\n<\/p>\n<p>Los enfrentamientos entre Estados Unidos e Ir\u00e1n seguir\u00e1n por tiempo indefinido, pero en peque\u00f1a escala,  sin caminar a una guerra total de exterminio. Todav\u00eda hay v\u00edas de entendimiento para que las grandes potencias se dividan el mundo y ampl\u00eden sus zonas de influencia, sin tener que ir a una guerra de aniquilaci\u00f3n  para toda la humanidad. \u00a1Ay!, se me acab\u00f3 la tinta.<\/p>\n<\/p>\n<h6> 2020-01-08 23:36:01 <\/h6>\n<p><!--\n<link rel=\"stylesheet\" href=\"css\/bootstrap.min.css\">\n\n\n<ul class=\"pagination\">\n\t    \n\t\n\n<li >\n\t<a href='?page_no=367'>Previous<\/a>\n\t<\/li>\n\n\n       \n    \n\n<li><a href='?page_no=1'>1<\/a><\/li>\n\n\n\n<li><a href='?page_no=2'>2<\/a><\/li>\n\n\n\n<li><a>...<\/a><\/li>\n\n\n\n<li><a href='?page_no=366'>366<\/a><\/li>\n\n\n\n<li><a href='?page_no=367'>367<\/a><\/li>\n\n\n\n<li class='active'><a>368<\/a><\/li>\n\n\n\n<li><a href='?page_no=369'>369<\/a><\/li>\n\n\n\n<li><a href='?page_no=370'>370<\/a><\/li>\n\n\n\n<li><a>...<\/a><\/li>\n\n\n\n<li><a href='?page_no=13611'>13611<\/a><\/li>\n\n\n\n<li><a href='?page_no=13612'>13612<\/a><\/li>\n\n    \n\t\n\n<li >\n\t<a href='?page_no=369'>Next<\/a>\n\t<\/li>\n\n\n    \n\n<li><a href='?page_no=13612'>Last &rsaquo;&rsaquo;<\/a><\/li>\n\n<\/ul>\n\n\n--><br \/>\n<\/body><\/p>\n","protected":false},"excerpt":{"rendered":"<p>A Pleno Sol La tercera mundial Por Manuel Hern\u00e1ndez Villeta Entramos comenzando el a\u00f1o 2020 en medio de la sangre, la muerte y el luto. La confrontaci\u00f3n es la regla de hoy. La humanidad vive sometida a la violencia, y el espectro de la guerra abre su boca con sabor a p\u00f3lvora. En todos los [&hellip;]<\/p>\n","protected":false},"author":3,"featured_media":0,"comment_status":"open","ping_status":"open","sticky":false,"template":"","format":"standard","meta":{"footnotes":""},"categories":[16],"tags":[],"class_list":["post-40470","post","type-post","status-publish","format-standard","hentry","category-opiniones"],"_links":{"self":[{"href":"https:\/\/diariodominicano.com\/index.php?rest_route=\/wp\/v2\/posts\/40470","targetHints":{"allow":["GET"]}}],"collection":[{"href":"https:\/\/diariodominicano.com\/index.php?rest_route=\/wp\/v2\/posts"}],"about":[{"href":"https:\/\/diariodominicano.com\/index.php?rest_route=\/wp\/v2\/types\/post"}],"author":[{"embeddable":true,"href":"https:\/\/diariodominicano.com\/index.php?rest_route=\/wp\/v2\/users\/3"}],"replies":[{"embeddable":true,"href":"https:\/\/diariodominicano.com\/index.php?rest_route=%2Fwp%2Fv2%2Fcomments&post=40470"}],"version-history":[{"count":0,"href":"https:\/\/diariodominicano.com\/index.php?rest_route=\/wp\/v2\/posts\/40470\/revisions"}],"wp:attachment":[{"href":"https:\/\/diariodominicano.com\/index.php?rest_route=%2Fwp%2Fv2%2Fmedia&parent=40470"}],"wp:term":[{"taxonomy":"category","embeddable":true,"href":"https:\/\/diariodominicano.com\/index.php?rest_route=%2Fwp%2Fv2%2Fcategories&post=40470"},{"taxonomy":"post_tag","embeddable":true,"href":"https:\/\/diariodominicano.com\/index.php?rest_route=%2Fwp%2Fv2%2Ftags&post=40470"}],"curies":[{"name":"wp","href":"https:\/\/api.w.org\/{rel}","templated":true}]}}