{"id":40459,"date":"2020-01-09T09:37:15","date_gmt":"2020-01-09T09:37:15","guid":{"rendered":"http:\/\/diariodominicano.ddns.net\/?p=40459"},"modified":"2020-01-09T09:37:15","modified_gmt":"2020-01-09T09:37:15","slug":"el-discurso-del-magistrado-molina","status":"publish","type":"post","link":"https:\/\/diariodominicano.com\/?p=40459","title":{"rendered":"&#13;EL DISCURSO DEL MAGISTRADO MOLINA"},"content":{"rendered":"<p><body><\/p>\n<p><strong><span class=\"text1noticias\">EN PRIMERA FILA<\/span><\/strong><\/p>\n<p><strong><span class=\"text1noticias\">EL DISCURSO DEL MAGISTRADO MOLINA<\/span><\/strong><\/p>\n<p><strong><span class=\"text1noticias\">Mario Rivadulla<\/span><\/strong><\/p>\n<\/p>\n<p><span class=\"text1noticias\">Sin dudas, a despecho de algunas aisladas y siempre esperadas cr\u00edticas, Luis Henry Molina pas\u00f3 con elevadas notas la prueba de su primer discurso como presidente de la Suprema Corte de Justicia en la<\/span><\/p>\n<p><span class=\"text1noticias\">tradicional inauguraci\u00f3n del nuevo a\u00f1o judicial.<\/span><\/p>\n<\/p>\n<p><span class=\"text1noticias\">Por primera vez se hizo p\u00fablica una precisa disecci\u00f3n aritm\u00e9tica de la situaci\u00f3n, fallas y anomal\u00edas dentro de la estructura judicial que de distintas formas afectan su normal desenvolvimiento en perjuicio de su eficiente operatividad, su imagen p\u00fablica, la confianza ciudadana y el inter\u00e9s de quienes someten sus reclamos y controversias a la sana Administraci\u00f3n de Justicia.<\/span><\/p>\n<\/p>\n<p><span class=\"text1noticias\">Entre los distintos datos de relevancia que puso de manifiesto resalta el que todav\u00eda en el alto tribunal que preside hay fallos pendientes desde el pasado siglo. Se trata de un incre\u00edble atraso de m\u00e1s de dos d\u00e9cadas, lo que constituye una clara denegaci\u00f3n de justicia, y de igual modo la desproporci\u00f3n entre la cantidad de casos sometidos a conocimiento y decisi\u00f3n de los jueces de Primera Instancia y la propia Corte Suprema en contraste con la mucho menor cantidad que pesa sobre los de Paz y Cortes de Apelaci\u00f3n.<\/span><\/p>\n<\/p>\n<p><span class=\"text1noticias\">Otro dato resaltante fue la inequidad en la distribuci\u00f3n del ajustado presupuesto asignado al tercer poder del Estado, que en la medida en que ejerza sus funciones con criterio independiente, sirve de freno y equilibrio a los restantes dos mediante la aplicaci\u00f3n de la ley y en la medida en que sea capaz de hacer respetar sus fallos. Sin dudas insuficiente, pero a todas luces mal distribuido contrast\u00f3 el hecho de que mientras a la propia Suprema, los juzgados de Paz y Primera Instancia y las cortes de Apelaci\u00f3n se les asigna el 68 por ciento de los recursos, en cambio se destina el 32 al Consejo del Poder Judicial cuya funci\u00f3n es puramente administrativa.<\/span><\/p>\n<\/p>\n<p><span class=\"text1noticias\">(En este punto vale hacer un par\u00e9ntesis para aclarar que si bien la cantidad de fondos que recibe el Poder Judicial limita en buena medida su labor, los reiterados reclamos en este sentido para que sean<\/span><\/p>\n<p><span class=\"text1noticias\">aumentados, no pasan de resultar un simple e in\u00fatil ejercicio ret\u00f3rico, en cuanto ilusorio e imposibles de satisfacer. Esas mismas precariedades son las que sufren los ayuntamientos que apenas reciben menos de la tercera parte de lo que les corresponder\u00eda por ley; la UASD, siempre al grito reclamando mayores fondos; y Salud P\u00fablica, donde la meta de lograr un 6 por ciento luce bastante distante, tan solo por citar estos casos como ejemplos entre muchos otros en relaci\u00f3n con un Presupuesto de Ingresos y Gastos P\u00fablicos altamente deficitario, y con elevada proporci\u00f3n de partidas previamente comprometidas por leyes de imposible cumplimiento que apenas dejan limitados resquicios para<\/span><\/p>\n<p><span class=\"text1noticias\">posibles reajustes).<\/span><\/p>\n<\/p>\n<p><span class=\"text1noticias\">Partiendo de esa premisa, el discurso del magistrado Molina no pudo ser m\u00e1s realista en este sentido se\u00f1alando la necesidad y como \u00fanica posibilidad la de llevar a cabo un manejo m\u00e1s eficiente de los fondos que recibe la Administraci\u00f3n de Justicia. Para lograrlo sin duda debe resultar de gran utilidad la experiencia obtenida en el manejo financiero de INDOTEL mientras estuvo al frente de ese organismo, lo que adem\u00e1s de presidir del alto tribunal lo califica para desarrollar un eficiente trabajo gerencial del Poder Judicial. El mismo trabajo de cuantificaci\u00f3n que present\u00f3 en su discurso es un claro indicativo de ello.<\/span><\/p>\n<\/p>\n<p><span class=\"text1noticias\">Otros puntos resaltantes de su discurso fueron el \u00e9nfasis en poner fin a la mora judicial, ofreciendo un servicio de justicia r\u00e1pido y eficiente; la prohibici\u00f3n de que los jueces se re\u00fanan con las partes o sus<\/span><\/p>\n<p><span class=\"text1noticias\">representantes fuera de estrados dando lugar a justificadas sospechas; el llamado que les dirigi\u00f3 a actuar con rigor enfrentando maniobras y t\u00e1cticas dilatorias y reclamos sin fundamentos para culminar con una exhortaci\u00f3n que constituye un c\u00e1lido llamado a actuar con entereza moral \u00a1Que no les\u00a0tiemble el pulso al momento de impartir justicia\u00a1<\/span><\/p>\n<p><span class=\"text1noticias\"><strong>Resumiendo:<\/strong> el discurso del presidente de la Corte Suprema constituy\u00f3 una promesa de cambios urgentes y necesarios para que la Justicia recobre el prestigio y la confianza p\u00fablica sobre el compromiso de un servicio de insospechable independencia, r\u00e1pido, eficiente y transparente,<\/span><\/p>\n<p><span class=\"text1noticias\">libre de ataduras, compadrazgos, favoritismos e inoculada contra toda posible forma de corrupci\u00f3n.<\/span><\/p>\n<p><span class=\"text1noticias\">Es la misi\u00f3n que tiene por delante.<\/span><\/p>\n<\/p>\n<\/p>\n<h6> 2020-01-09 09:37:15 <\/h6>\n<p><!--\n<link rel=\"stylesheet\" href=\"css\/bootstrap.min.css\">\n\n\n<ul class=\"pagination\">\n\t    \n\t\n\n<li >\n\t<a href='?page_no=366'>Previous<\/a>\n\t<\/li>\n\n\n       \n    \n\n<li><a href='?page_no=1'>1<\/a><\/li>\n\n\n\n<li><a href='?page_no=2'>2<\/a><\/li>\n\n\n\n<li><a>...<\/a><\/li>\n\n\n\n<li><a href='?page_no=365'>365<\/a><\/li>\n\n\n\n<li><a href='?page_no=366'>366<\/a><\/li>\n\n\n\n<li class='active'><a>367<\/a><\/li>\n\n\n\n<li><a href='?page_no=368'>368<\/a><\/li>\n\n\n\n<li><a href='?page_no=369'>369<\/a><\/li>\n\n\n\n<li><a>...<\/a><\/li>\n\n\n\n<li><a href='?page_no=13611'>13611<\/a><\/li>\n\n\n\n<li><a href='?page_no=13612'>13612<\/a><\/li>\n\n    \n\t\n\n<li >\n\t<a href='?page_no=368'>Next<\/a>\n\t<\/li>\n\n\n    \n\n<li><a href='?page_no=13612'>Last &rsaquo;&rsaquo;<\/a><\/li>\n\n<\/ul>\n\n\n--><br \/>\n<\/body><\/p>\n","protected":false},"excerpt":{"rendered":"<p>EN PRIMERA FILA EL DISCURSO DEL MAGISTRADO MOLINA Mario Rivadulla Sin dudas, a despecho de algunas aisladas y siempre esperadas cr\u00edticas, Luis Henry Molina pas\u00f3 con elevadas notas la prueba de su primer discurso como presidente de la Suprema Corte de Justicia en la tradicional inauguraci\u00f3n del nuevo a\u00f1o judicial. Por primera vez se hizo [&hellip;]<\/p>\n","protected":false},"author":3,"featured_media":0,"comment_status":"open","ping_status":"open","sticky":false,"template":"","format":"standard","meta":{"footnotes":""},"categories":[16],"tags":[],"class_list":["post-40459","post","type-post","status-publish","format-standard","hentry","category-opiniones"],"_links":{"self":[{"href":"https:\/\/diariodominicano.com\/index.php?rest_route=\/wp\/v2\/posts\/40459","targetHints":{"allow":["GET"]}}],"collection":[{"href":"https:\/\/diariodominicano.com\/index.php?rest_route=\/wp\/v2\/posts"}],"about":[{"href":"https:\/\/diariodominicano.com\/index.php?rest_route=\/wp\/v2\/types\/post"}],"author":[{"embeddable":true,"href":"https:\/\/diariodominicano.com\/index.php?rest_route=\/wp\/v2\/users\/3"}],"replies":[{"embeddable":true,"href":"https:\/\/diariodominicano.com\/index.php?rest_route=%2Fwp%2Fv2%2Fcomments&post=40459"}],"version-history":[{"count":0,"href":"https:\/\/diariodominicano.com\/index.php?rest_route=\/wp\/v2\/posts\/40459\/revisions"}],"wp:attachment":[{"href":"https:\/\/diariodominicano.com\/index.php?rest_route=%2Fwp%2Fv2%2Fmedia&parent=40459"}],"wp:term":[{"taxonomy":"category","embeddable":true,"href":"https:\/\/diariodominicano.com\/index.php?rest_route=%2Fwp%2Fv2%2Fcategories&post=40459"},{"taxonomy":"post_tag","embeddable":true,"href":"https:\/\/diariodominicano.com\/index.php?rest_route=%2Fwp%2Fv2%2Ftags&post=40459"}],"curies":[{"name":"wp","href":"https:\/\/api.w.org\/{rel}","templated":true}]}}