{"id":40448,"date":"2020-01-09T20:29:24","date_gmt":"2020-01-09T20:29:24","guid":{"rendered":"http:\/\/diariodominicano.ddns.net\/?p=40448"},"modified":"2020-01-09T20:29:24","modified_gmt":"2020-01-09T20:29:24","slug":"mar-de-fondo-a-david-collado","status":"publish","type":"post","link":"https:\/\/diariodominicano.com\/?p=40448","title":{"rendered":"MAR DE FONDO A DAVID COLLADO"},"content":{"rendered":"<p><body><\/p>\n<p><strong><span class=\"text1noticias\">EN PRIMERA FILA<\/span><\/strong><\/p>\n<p><strong><span class=\"text1noticias\"> <\/span><\/strong><\/p>\n<p><strong><span class=\"text1noticias\">MAR DE FONDO A DAVID COLLADO<\/span><\/strong><\/p>\n<p><strong><span class=\"text1noticias\">por Mario Rivadulla<\/span><\/strong><\/p>\n<p><strong><span class=\"text1noticias\"> <\/span><\/strong><\/p>\n<p><span class=\"text1noticias\">Poseedor de una s\u00f3lida preparaci\u00f3n acad\u00e9mica, con el antecedente de una exitosa y<\/span><\/p>\n<p><span class=\"text1noticias\">reconocida carrera empresarial y tras ocho a\u00f1os de activa experiencia legislativa en<\/span><\/p>\n<p><span class=\"text1noticias\">la C\u00e1mara Baja, en cuyo segundo per\u00edodo result\u00f3 reelecto con la mayor votaci\u00f3n<\/span><\/p>\n<p><span class=\"text1noticias\">obtenida por un diputado, David Collado fue llevado al gobierno del Distrito Nacional<\/span><\/p>\n<p><span class=\"text1noticias\">con el respaldo de m\u00e1s de 277 mil ciudadanos que depositaron en el sus esperanzas<\/span><\/p>\n<p><span class=\"text1noticias\">de rescatar la Ciudad Primada.<\/span><\/p>\n<p><span class=\"text1noticias\">Ha sido la m\u00e1s alta cantidad de sufragios obtenida por un aspirante a la sindicatura<\/span><\/p>\n<p><span class=\"text1noticias\">capitale\u00f1a, al cabo de una campa\u00f1a que represent\u00f3 un nuevo estilo de hacer pol\u00edtica,<\/span><\/p>\n<p><span class=\"text1noticias\">donde toda cr\u00edtica a la larga gesti\u00f3n de su derrotado contendor cedi\u00f3 espacio a un<\/span><\/p>\n<p><span class=\"text1noticias\">bien elaborado proyecto de gobierno basado en las reales necesidades de la urbe,<\/span><\/p>\n<p><span class=\"text1noticias\">tanto de los sectores de clases alta y media como en los barrios donde habitan los<\/span><\/p>\n<p><span class=\"text1noticias\">n\u00facleos de m\u00e1s bajos ingresos.<\/span><\/p>\n<p><span class=\"text1noticias\">Ocioso recapitular en detalle los resultados de su gesti\u00f3n, para lo cual ser\u00eda preciso<\/span><\/p>\n<p><span class=\"text1noticias\">disponer de mucho mayor espacio. Ha sido la consecuencia de un intenso trabajo<\/span><\/p>\n<p><span class=\"text1noticias\">continuo, sin d\u00edas ni horas de reposo, siguiendo una hoja de ruta sustentada en un<\/span><\/p>\n<p><span class=\"text1noticias\">serio trabajo profesional ausente de gestos de artificio y destinado a hacer de la<\/span><\/p>\n<p><span class=\"text1noticias\">capital una urbe m\u00e1s acogedora, limpia, ordenada, vivible y segura.<\/span><\/p>\n<p><span class=\"text1noticias\">Los resultados est\u00e1n a la vista, a beneficio y disfrute del vecindario de las tres<\/span><\/p>\n<p><span class=\"text1noticias\">circunscripciones que abarca el territorio de su gesti\u00f3n, donde resalta el escrupuloso<\/span><\/p>\n<p><span class=\"text1noticias\">y transparente manejo de los fondos p\u00fablicos, el cual retribuye la misma con \u00edndices<\/span><\/p>\n<p><span class=\"text1noticias\">de respaldo mostrado a trav\u00e9s de diferentes encuestas, que superan la cifra tambi\u00e9n<\/span><\/p>\n<p><span class=\"text1noticias\">sin precedentes del 87 por ciento.<\/span><\/p>\n<p><span class=\"text1noticias\">M\u00e1s a\u00fan, sin haberlo propuesto, trascendiendo los precisos l\u00edmites municipales de su<\/span><\/p>\n<p><span class=\"text1noticias\">obra de gobierno, el resultado de esta ha trascendido a nivel nacional haci\u00e9ndolo<\/span><\/p>\n<p><span class=\"text1noticias\">figurar de manera espont\u00e1nea entre las figuras pol\u00edticas que despierta mayores<\/span><\/p>\n<p><span class=\"text1noticias\">simpat\u00edas en la ciudadan\u00eda llegando a otorgarle categor\u00eda presidencial.<\/span><\/p>\n<p><span class=\"text1noticias\">Con todo este aval de respaldo, David Collado dispone de sobrados m\u00e9ritos para ser<\/span><\/p>\n<p><span class=\"text1noticias\">considerado como un inapreciable activo pol\u00edtico. Como tal debiera ser valorado en<\/span><\/p>\n<p><span class=\"text1noticias\">el seno de su propio partido, aprovechando su potencial como posible compa\u00f1ero de<\/span><\/p>\n<p><span class=\"text1noticias\">f\u00f3rmula de su candidato presidencial, y posible pieza de relevo y continuidad de<\/span><\/p>\n<p><span class=\"text1noticias\">gobierno en el supuesto caso de que el PRM pudiera alzarse con la victoria en las<\/span><\/p>\n<p><span class=\"text1noticias\">elecciones generales del 2020.<\/span><\/p>\n<p><span class=\"text1noticias\">Una tarea nada f\u00e1cil frente a un fogueado PLD,\u00a0con un experimentado y exitoso<\/span><\/p>\n<p><span class=\"text1noticias\">equipo pol\u00edtico probado en cuatro sucesivas campa\u00f1as que le han permitido<\/span><\/p>\n<p><span class=\"text1noticias\">mantenerse en el poder de manera ininterrumpida por espacio de diecis\u00e9is a\u00f1os. Y<\/span><\/p>\n<p><span class=\"text1noticias\">con un candidato presidencial que a falta de un discurso florido dispone en cambio<\/span><\/p>\n<p><span class=\"text1noticias\"> <\/span><\/p>\n<p><span class=\"text1noticias\">del aval de una eficiente gesti\u00f3n al frente del ministerio de Obras P\u00fablicas. Quien<\/span><\/p>\n<p><span class=\"text1noticias\">piense lo contrario pecar\u00eda de iluso y arrogante y posiblemente quedar\u00eda abocado a<\/span><\/p>\n<p><span class=\"text1noticias\">un estrepitoso fracaso.<\/span><\/p>\n<p><span class=\"text1noticias\">De ah\u00ed la necesidad de que el PRM pueda presentar un frente s\u00f3lido contando, entre<\/span><\/p>\n<p><span class=\"text1noticias\">otros muchos recursos que tendr\u00e1 que movilizar, con un discurso de propuestas<\/span><\/p>\n<p><span class=\"text1noticias\">atractivas y convincentes y&#8230; \u00bfque mejor argumento y elemento de apoyo a sus<\/span><\/p>\n<p><span class=\"text1noticias\">promesas de hacer un buen gobierno que tomar como ejemplo palpable la gesti\u00f3n<\/span><\/p>\n<p><span class=\"text1noticias\">eficiente y transparente llevada a cabo por Collado al frente de la Alcald\u00eda de la<\/span><\/p>\n<p><span class=\"text1noticias\">capital?<\/span><\/p>\n<p><span class=\"text1noticias\">\u00bfSon esas las razones por las cuales algunos compa\u00f1eros de militancia y posibles<\/span><\/p>\n<p><span class=\"text1noticias\">aspirantes a la candidatura vicepresidencial han estado tratando de crearle a \u00e9ste un<\/span><\/p>\n<p><span class=\"text1noticias\">mar de fondo con cr\u00edticas infundadas y sin la menor justificaci\u00f3n ante el temor de que<\/span><\/p>\n<p><span class=\"text1noticias\">pueda ser el escogido?<\/span><\/p>\n<p><span class=\"text1noticias\">Es l\u00f3gico y saludable que en el seno de un partido pol\u00edtico se manifieste inter\u00e9s por<\/span><\/p>\n<p><span class=\"text1noticias\">parte de sus miembros en tratar de escalar posiciones cimeras y lograr espacio en<\/span><\/p>\n<p><span class=\"text1noticias\">las candidaturas. De hecho el PRM est\u00e1 nutrido de una gran cantidad de figuras,<\/span><\/p>\n<p><span class=\"text1noticias\">veteranas y j\u00f3venes, de gran val\u00eda. Pero no lo es en modo alguno que esas<\/span><\/p>\n<p><span class=\"text1noticias\">aspiraciones no se sustenten en m\u00e9ritos propios, sino en tratar de restar y poner en<\/span><\/p>\n<p><span class=\"text1noticias\">tela de juicio las cualidades de los restantes competidores. Es la negativa pr\u00e1ctica<\/span><\/p>\n<p><span class=\"text1noticias\">del serrucho (la cl\u00e1sica \u00abserruchadera de palo\u00bb). Tal parece estar ocurriendo en este<\/span><\/p>\n<p><span class=\"text1noticias\">caso.<\/span><\/p>\n<p><span class=\"text1noticias\">Ambiciones desmedidas y mal orientadas que contribuyeron a crear divisiones en su<\/span><\/p>\n<p><span class=\"text1noticias\">seno fue el germen que llev\u00f3 a la desaparici\u00f3n del PRD como uno de los partidos<\/span><\/p>\n<p><span class=\"text1noticias\">pol\u00edticos mayoritarios del pa\u00eds, y que despu\u00e9s de las sendas victorias electorales<\/span><\/p>\n<p><span class=\"text1noticias\">alcanzadas por Antonio Guzm\u00e1n en 1978 y de Salvador Jorge Blanco en el 1982 y los<\/span><\/p>\n<p><span class=\"text1noticias\">distintos desprendimientos posteriores a que dieron lugar, le vedaron la posibilidad<\/span><\/p>\n<p><span class=\"text1noticias\">de volver al poder hasta el 2000 en forma ef\u00edmera por un solo per\u00edodo con el triunfo<\/span><\/p>\n<p><span class=\"text1noticias\">de Hip\u00f3lito Mej\u00eda y su frustrado intento de lograr la reelecci\u00f3n en el 2004.<\/span><\/p>\n<p><span class=\"text1noticias\">Toca ahora al PRM, y en especial al propio Luis Abinader, como principal interesado,<\/span><\/p>\n<p><span class=\"text1noticias\">aprovechar esas amargas experiencias para impedir que las mismas pr\u00e1cticas<\/span><\/p>\n<p><span class=\"text1noticias\">divisionistas se entronicen en su seno. La campa\u00f1a solapada contra Collado debiera<\/span><\/p>\n<p><span class=\"text1noticias\">servirle de aviso.<\/span><\/p>\n<\/p>\n<\/p>\n<\/p>\n<h6> 2020-01-09 20:29:24 <\/h6>\n<p><!--\n<link rel=\"stylesheet\" href=\"css\/bootstrap.min.css\">\n\n\n<ul class=\"pagination\">\n\t    \n\t\n\n<li >\n\t<a href='?page_no=365'>Previous<\/a>\n\t<\/li>\n\n\n       \n    \n\n<li><a href='?page_no=1'>1<\/a><\/li>\n\n\n\n<li><a href='?page_no=2'>2<\/a><\/li>\n\n\n\n<li><a>...<\/a><\/li>\n\n\n\n<li><a href='?page_no=364'>364<\/a><\/li>\n\n\n\n<li><a href='?page_no=365'>365<\/a><\/li>\n\n\n\n<li class='active'><a>366<\/a><\/li>\n\n\n\n<li><a href='?page_no=367'>367<\/a><\/li>\n\n\n\n<li><a href='?page_no=368'>368<\/a><\/li>\n\n\n\n<li><a>...<\/a><\/li>\n\n\n\n<li><a href='?page_no=13611'>13611<\/a><\/li>\n\n\n\n<li><a href='?page_no=13612'>13612<\/a><\/li>\n\n    \n\t\n\n<li >\n\t<a href='?page_no=367'>Next<\/a>\n\t<\/li>\n\n\n    \n\n<li><a href='?page_no=13612'>Last &rsaquo;&rsaquo;<\/a><\/li>\n\n<\/ul>\n\n\n--><br \/>\n<\/body><\/p>\n","protected":false},"excerpt":{"rendered":"<p>EN PRIMERA FILA MAR DE FONDO A DAVID COLLADO por Mario Rivadulla Poseedor de una s\u00f3lida preparaci\u00f3n acad\u00e9mica, con el antecedente de una exitosa y reconocida carrera empresarial y tras ocho a\u00f1os de activa experiencia legislativa en la C\u00e1mara Baja, en cuyo segundo per\u00edodo result\u00f3 reelecto con la mayor votaci\u00f3n obtenida por un diputado, David [&hellip;]<\/p>\n","protected":false},"author":3,"featured_media":0,"comment_status":"open","ping_status":"open","sticky":false,"template":"","format":"standard","meta":{"footnotes":""},"categories":[16],"tags":[],"class_list":["post-40448","post","type-post","status-publish","format-standard","hentry","category-opiniones"],"_links":{"self":[{"href":"https:\/\/diariodominicano.com\/index.php?rest_route=\/wp\/v2\/posts\/40448","targetHints":{"allow":["GET"]}}],"collection":[{"href":"https:\/\/diariodominicano.com\/index.php?rest_route=\/wp\/v2\/posts"}],"about":[{"href":"https:\/\/diariodominicano.com\/index.php?rest_route=\/wp\/v2\/types\/post"}],"author":[{"embeddable":true,"href":"https:\/\/diariodominicano.com\/index.php?rest_route=\/wp\/v2\/users\/3"}],"replies":[{"embeddable":true,"href":"https:\/\/diariodominicano.com\/index.php?rest_route=%2Fwp%2Fv2%2Fcomments&post=40448"}],"version-history":[{"count":0,"href":"https:\/\/diariodominicano.com\/index.php?rest_route=\/wp\/v2\/posts\/40448\/revisions"}],"wp:attachment":[{"href":"https:\/\/diariodominicano.com\/index.php?rest_route=%2Fwp%2Fv2%2Fmedia&parent=40448"}],"wp:term":[{"taxonomy":"category","embeddable":true,"href":"https:\/\/diariodominicano.com\/index.php?rest_route=%2Fwp%2Fv2%2Fcategories&post=40448"},{"taxonomy":"post_tag","embeddable":true,"href":"https:\/\/diariodominicano.com\/index.php?rest_route=%2Fwp%2Fv2%2Ftags&post=40448"}],"curies":[{"name":"wp","href":"https:\/\/api.w.org\/{rel}","templated":true}]}}