{"id":404268,"date":"2022-12-17T00:06:19","date_gmt":"2022-12-17T04:06:19","guid":{"rendered":"http:\/\/diariodominicano.com\/?p=404268"},"modified":"2022-12-17T00:07:53","modified_gmt":"2022-12-17T04:07:53","slug":"policia-nacional-apresa-cinco-personas-en-hechos-separado-en-santiago","status":"publish","type":"post","link":"https:\/\/diariodominicano.com\/?p=404268","title":{"rendered":"Polic\u00eda Nacional apresa cinco personas en hechos separado en Santiago"},"content":{"rendered":"\n<p><strong>Ocupa arma de fuego sin documentos,\u00a0\u00a0drogas, recupera motocicleta y celular sustra\u00eddo.<\/strong><\/p>\n\n\n\n<figure class=\"wp-block-image size-large\"><img loading=\"lazy\" decoding=\"async\" width=\"576\" height=\"1024\" src=\"https:\/\/diariodominicano.com\/wp-content\/uploads\/2022\/12\/santiago-movil-576x1024.png\" alt=\"\" class=\"wp-image-404271\" srcset=\"https:\/\/diariodominicano.com\/wp-content\/uploads\/2022\/12\/santiago-movil-576x1024.png 576w, https:\/\/diariodominicano.com\/wp-content\/uploads\/2022\/12\/santiago-movil-169x300.png 169w, https:\/\/diariodominicano.com\/wp-content\/uploads\/2022\/12\/santiago-movil-768x1365.png 768w, https:\/\/diariodominicano.com\/wp-content\/uploads\/2022\/12\/santiago-movil-864x1536.png 864w, https:\/\/diariodominicano.com\/wp-content\/uploads\/2022\/12\/santiago-movil-816x1451.png 816w, https:\/\/diariodominicano.com\/wp-content\/uploads\/2022\/12\/santiago-movil.png 900w\" sizes=\"auto, (max-width: 576px) 100vw, 576px\" \/><\/figure>\n\n\n\n<p><strong>Santiago, 16 de Diciembre&nbsp;&nbsp;2022-&nbsp;<\/strong>Tras continuar fortaleciendo las labores preventivas agentes de la polic\u00eda preventiva en las \u00faltimas 24 horas, apresaron cinco personas por diferentes hechos delictivos, ocup\u00e1ndoles arma de fuego sin documentos,&nbsp;&nbsp;drogas, recupera una motocicleta y un celular sustra\u00eddo en esta ciudad.<\/p>\n\n\n\n<figure class=\"wp-block-image size-large\"><img loading=\"lazy\" decoding=\"async\" width=\"768\" height=\"1024\" src=\"https:\/\/diariodominicano.com\/wp-content\/uploads\/2022\/12\/santiago-drogas-768x1024.png\" alt=\"\" class=\"wp-image-404273\" srcset=\"https:\/\/diariodominicano.com\/wp-content\/uploads\/2022\/12\/santiago-drogas-768x1024.png 768w, https:\/\/diariodominicano.com\/wp-content\/uploads\/2022\/12\/santiago-drogas-225x300.png 225w, https:\/\/diariodominicano.com\/wp-content\/uploads\/2022\/12\/santiago-drogas-1152x1536.png 1152w, https:\/\/diariodominicano.com\/wp-content\/uploads\/2022\/12\/santiago-drogas-816x1088.png 816w, https:\/\/diariodominicano.com\/wp-content\/uploads\/2022\/12\/santiago-drogas.png 1200w\" sizes=\"auto, (max-width: 768px) 100vw, 768px\" \/><\/figure>\n\n\n\n<p>En el sector La Otra Banda fueron apresados Luis Rafael Rub\u00e9n Pichardo y Ambiorix Antonio Torres Carrera, quienes se transportaban a bordo de una motocicleta, bajo los efectos del alcohol, apuntado con un arma de fuego a los ciudadanos, ocup\u00e1ndole al primero el rev\u00f3lver, marca Taurus, calibre 38, serie no. JH338491, con tres c\u00e1psulas sin documentos.<\/p>\n\n\n\n<p>Luis Rafael Rub\u00e9n Pichardo al ser entrevistado con relaci\u00f3n a la procedencia del arma manifest\u00f3 que era de su compa\u00f1ero Torres Carrera, mostrando una copia de un carnet de&nbsp;&nbsp;Interior y Polic\u00eda presuntamente falsa.<\/p>\n\n\n\n<p>En otro caso Yordany De Jes\u00fas Bonifacio, fue detenido en Cienfuegos, a quien se le ocup\u00f3 la motocicleta marca Tauro, modelo CG 200, placa k1713008, la misma al ser depurada en nuestro sistema figura de fecha 25-01-2022, el prevenido al ser cuestionado, dijo que dicha motocicleta la ten\u00eda en calidad de empe\u00f1o por la suma de $25,000 pesos.<\/p>\n\n\n\n<p>Tambi\u00e9n fue apresada por miembros de Hurto y Rastreo de Celulares, Carmen Abreu&nbsp;&nbsp;Fromenta, por el hecho de hab\u00e9rsele ocupado un celular Iphone 13 Pro Max, el cual figura con denuncia como robado, la misma expres\u00f3&nbsp;&nbsp;hab\u00e9rselo comprado a una persona en proceso de identificaci\u00f3n por las redes sociales.<\/p>\n\n\n\n<p>Adem\u00e1s fue arrestado V\u00edctor Alexis Francisco Cepeda, en la calle principal del sector Los Guandules, quien al ser requisado se les ocup\u00f3 tres fundas pl\u00e1stica conteniendo polvo&nbsp;&nbsp;de color blanco presumiblemente coca\u00edna con un peso aproximado de 10.54 gramos, 7.55 de material rocoso presuntamente&nbsp;&nbsp;crack, as\u00ed como tambi\u00e9n 65.14 gramo de un vegetal se presume es marihuana y un celular.<\/p>\n\n\n\n<p>Los\u00a0\u00a0detenidos y lo ocupado fueron puestos a disposici\u00f3n Ministerio P\u00fablico, para los fines procedentes de ley.<\/p>\n\n\n\n<p>npolicia14@gmail.com<\/p>\n\n\n\n<p>OFICINA DE INFORMACI\u00d3N Y COMUNICACIONES ESTRAT\u00c9GICAS DIRECCI\u00d3N REGIONAL CIBAO CENTRAL DE LA POLIC\u00cdA NACIONAL.<\/p>\n","protected":false},"excerpt":{"rendered":"<p>Ocupa arma de fuego sin documentos,\u00a0\u00a0drogas, recupera motocicleta y celular sustra\u00eddo. Santiago, 16 de Diciembre&nbsp;&nbsp;2022-&nbsp;Tras continuar fortaleciendo las labores preventivas agentes de la polic\u00eda preventiva en las \u00faltimas 24 horas, apresaron cinco personas por diferentes hechos delictivos, ocup\u00e1ndoles arma de fuego sin documentos,&nbsp;&nbsp;drogas, recupera una motocicleta y un celular sustra\u00eddo en esta ciudad. En el [&hellip;]<\/p>\n","protected":false},"author":28,"featured_media":404269,"comment_status":"closed","ping_status":"","sticky":true,"template":"","format":"standard","meta":{"footnotes":""},"categories":[29,27],"tags":[],"class_list":["post-404268","post","type-post","status-publish","format-standard","has-post-thumbnail","hentry","category-policiasucesos","category-portada"],"_links":{"self":[{"href":"https:\/\/diariodominicano.com\/index.php?rest_route=\/wp\/v2\/posts\/404268","targetHints":{"allow":["GET"]}}],"collection":[{"href":"https:\/\/diariodominicano.com\/index.php?rest_route=\/wp\/v2\/posts"}],"about":[{"href":"https:\/\/diariodominicano.com\/index.php?rest_route=\/wp\/v2\/types\/post"}],"author":[{"embeddable":true,"href":"https:\/\/diariodominicano.com\/index.php?rest_route=\/wp\/v2\/users\/28"}],"replies":[{"embeddable":true,"href":"https:\/\/diariodominicano.com\/index.php?rest_route=%2Fwp%2Fv2%2Fcomments&post=404268"}],"version-history":[{"count":3,"href":"https:\/\/diariodominicano.com\/index.php?rest_route=\/wp\/v2\/posts\/404268\/revisions"}],"predecessor-version":[{"id":404274,"href":"https:\/\/diariodominicano.com\/index.php?rest_route=\/wp\/v2\/posts\/404268\/revisions\/404274"}],"wp:featuredmedia":[{"embeddable":true,"href":"https:\/\/diariodominicano.com\/index.php?rest_route=\/wp\/v2\/media\/404269"}],"wp:attachment":[{"href":"https:\/\/diariodominicano.com\/index.php?rest_route=%2Fwp%2Fv2%2Fmedia&parent=404268"}],"wp:term":[{"taxonomy":"category","embeddable":true,"href":"https:\/\/diariodominicano.com\/index.php?rest_route=%2Fwp%2Fv2%2Fcategories&post=404268"},{"taxonomy":"post_tag","embeddable":true,"href":"https:\/\/diariodominicano.com\/index.php?rest_route=%2Fwp%2Fv2%2Ftags&post=404268"}],"curies":[{"name":"wp","href":"https:\/\/api.w.org\/{rel}","templated":true}]}}