{"id":40426,"date":"2020-01-10T14:29:19","date_gmt":"2020-01-10T14:29:19","guid":{"rendered":"http:\/\/diariodominicano.ddns.net\/?p=40426"},"modified":"2020-01-10T14:29:19","modified_gmt":"2020-01-10T14:29:19","slug":"la-sangre-en-el-20","status":"publish","type":"post","link":"https:\/\/diariodominicano.com\/?p=40426","title":{"rendered":"&#13;La sangre en el 20"},"content":{"rendered":"<p><body><\/p>\n<p><strong>A Pleno Sol<\/strong><\/p>\n<p><strong>La sangre en el 20<\/strong><\/p>\n<p><strong>Por Manuel Hern\u00e1ndez Villeta<\/strong><\/p>\n<\/p>\n<\/p>\n<p>Es preocupante que la violencia contin\u00fae en el 2020. Desde luego, solo los ilusos pensaban que la ca\u00edda de un mes en el almanaque aplacar\u00eda la ola de delincuencia y de sangre. No. hechos violentos no se paran por simples deseos ni medidas tomadas de emergencia.<\/p>\n<\/p>\n<p>La violencia descarnada que ensombrece a la sociedad dominicana tiene una parte policial y judicial, y otra de educaci\u00f3n hogare\u00f1a y escolar. La polic\u00eda y la justicia tienen acci\u00f3n luego de que se comete el crimen.  La educaci\u00f3n es prevenci\u00f3n y contenci\u00f3n. Tiene que darse una mezcla de ambas.<\/p>\n<\/p>\n<p>Por m\u00e1s que carguemos el dado a las autoridades cuando ocurre un hecho de violencia, debemos tomar en cuenta que la polic\u00eda est\u00e1 para investigar el crimen y detener a los responsables, y la justicia, para aplicar las penas de acuerdo al delito cometido.<\/p>\n<\/p>\n<p>El ciudadano tambi\u00e9n est\u00e1  irrespetando sus prioridades. Estamos flaqueando en la educaci\u00f3n hogare\u00f1a, y tambi\u00e9n en la educaci\u00f3n formal. Fortalecer el orden en el hogar, y que la escuela se torne en la forjadora de conductas, es el camino central para controlar la violencia.<\/p>\n<\/p>\n<p>Las autoridades tienen que cumplir con su papel, pero tambi\u00e9n al ciudadano le toca ser responsable. Tenemos el reciente caso de un ni\u00f1a de cuatro a\u00f1os, que la madre la env\u00eda al filo de la noche con 200 pesos para  comprar a un colmado en una comunidad marginada.<\/p>\n<\/p>\n<p>No hay que hacer un gran investigador para usted predecir cu\u00e1l ser\u00e1 la suerte de una ni\u00f1a con un billete de 200 pesos, dirigi\u00e9ndose a un lugar donde hay borrachos y m\u00fasica a todo volumen. Muy bien lo condens\u00f3 el jefe de la polic\u00eda cuando habl\u00f3 lleno de indignaci\u00f3n por este hecho.<\/p>\n<\/p>\n<p>Esa madre cometi\u00f3 una ligereza de actuaci\u00f3n, fruto de la costumbre, la falta de educaci\u00f3n y el hacinamiento. Mandar a ni\u00f1os de esa edad a los colmados no es un hecho aislado, pasa en todos los barrios marginados. No tienen una protecci\u00f3n especial.<\/p>\n<\/p>\n<p>Es desde la clase media donde se toman medidas extremas  para proteger a los ni\u00f1os, a tal extremo de que los convierten en presos en los apartamentos donde residen. No salen a jugar a los parques, est\u00e1n con vigilancia en las zonas de parqueos de sus edificios, los padres los llevan y los buscan a las escuelas, no les permiten hablar con desconocidos. Un extremo de lo que debe ser la protecci\u00f3n.<\/p>\n<\/p>\n<p>Estamos en las antepuertas del infierno social. A cada esquina la muerte espera. Solo la providencia hace posible que uno no est\u00e9 en la mira de un delincuente. Sigamos teniendo esperanzas de que esto se vaya a superar.  Solo nos salva que surja el fortalecimiento del hogar, y el imperio de la educaci\u00f3n, y la justicia. \u00a1Ay!, se me acab\u00f3 la tinta.<\/p>\n<\/p>\n<\/p>\n<h6> 2020-01-10 14:29:19 <\/h6>\n<p><!--\n<link rel=\"stylesheet\" href=\"css\/bootstrap.min.css\">\n\n\n<ul class=\"pagination\">\n\t    \n\t\n\n<li >\n\t<a href='?page_no=363'>Previous<\/a>\n\t<\/li>\n\n\n       \n    \n\n<li><a href='?page_no=1'>1<\/a><\/li>\n\n\n\n<li><a href='?page_no=2'>2<\/a><\/li>\n\n\n\n<li><a>...<\/a><\/li>\n\n\n\n<li><a href='?page_no=362'>362<\/a><\/li>\n\n\n\n<li><a href='?page_no=363'>363<\/a><\/li>\n\n\n\n<li class='active'><a>364<\/a><\/li>\n\n\n\n<li><a href='?page_no=365'>365<\/a><\/li>\n\n\n\n<li><a href='?page_no=366'>366<\/a><\/li>\n\n\n\n<li><a>...<\/a><\/li>\n\n\n\n<li><a href='?page_no=13611'>13611<\/a><\/li>\n\n\n\n<li><a href='?page_no=13612'>13612<\/a><\/li>\n\n    \n\t\n\n<li >\n\t<a href='?page_no=365'>Next<\/a>\n\t<\/li>\n\n\n    \n\n<li><a href='?page_no=13612'>Last &rsaquo;&rsaquo;<\/a><\/li>\n\n<\/ul>\n\n\n--><br \/>\n<\/body><\/p>\n","protected":false},"excerpt":{"rendered":"<p>A Pleno Sol La sangre en el 20 Por Manuel Hern\u00e1ndez Villeta Es preocupante que la violencia contin\u00fae en el 2020. Desde luego, solo los ilusos pensaban que la ca\u00edda de un mes en el almanaque aplacar\u00eda la ola de delincuencia y de sangre. No. hechos violentos no se paran por simples deseos ni medidas [&hellip;]<\/p>\n","protected":false},"author":3,"featured_media":0,"comment_status":"open","ping_status":"open","sticky":false,"template":"","format":"standard","meta":{"footnotes":""},"categories":[16],"tags":[],"class_list":["post-40426","post","type-post","status-publish","format-standard","hentry","category-opiniones"],"_links":{"self":[{"href":"https:\/\/diariodominicano.com\/index.php?rest_route=\/wp\/v2\/posts\/40426","targetHints":{"allow":["GET"]}}],"collection":[{"href":"https:\/\/diariodominicano.com\/index.php?rest_route=\/wp\/v2\/posts"}],"about":[{"href":"https:\/\/diariodominicano.com\/index.php?rest_route=\/wp\/v2\/types\/post"}],"author":[{"embeddable":true,"href":"https:\/\/diariodominicano.com\/index.php?rest_route=\/wp\/v2\/users\/3"}],"replies":[{"embeddable":true,"href":"https:\/\/diariodominicano.com\/index.php?rest_route=%2Fwp%2Fv2%2Fcomments&post=40426"}],"version-history":[{"count":0,"href":"https:\/\/diariodominicano.com\/index.php?rest_route=\/wp\/v2\/posts\/40426\/revisions"}],"wp:attachment":[{"href":"https:\/\/diariodominicano.com\/index.php?rest_route=%2Fwp%2Fv2%2Fmedia&parent=40426"}],"wp:term":[{"taxonomy":"category","embeddable":true,"href":"https:\/\/diariodominicano.com\/index.php?rest_route=%2Fwp%2Fv2%2Fcategories&post=40426"},{"taxonomy":"post_tag","embeddable":true,"href":"https:\/\/diariodominicano.com\/index.php?rest_route=%2Fwp%2Fv2%2Ftags&post=40426"}],"curies":[{"name":"wp","href":"https:\/\/api.w.org\/{rel}","templated":true}]}}