{"id":40415,"date":"2020-01-11T23:16:33","date_gmt":"2020-01-11T23:16:33","guid":{"rendered":"http:\/\/diariodominicano.ddns.net\/?p=40415"},"modified":"2020-01-11T23:16:33","modified_gmt":"2020-01-11T23:16:33","slug":"vil-agresion","status":"publish","type":"post","link":"https:\/\/diariodominicano.com\/?p=40415","title":{"rendered":"VIL AGRESI\u00d3N"},"content":{"rendered":"<p><body><\/p>\n<p><strong>VIL AGRESI\u00d3N<\/strong><\/p>\n<p><strong>Por Narciso Isa Conde<\/strong><\/p>\n<\/p>\n<\/p>\n<p>A los H\u00e9roes de la Expedici\u00f3n de Junio del 59 que lo inspiraron. Al catorcismo, a Manolo, a Minerva, Tejada Florentino,   Mar\u00eda Teresa,  Sina Cabral, Luis G\u00f3mez P\u00e9rez&#8230; a los muchachos y muchachas de las espaldas laceradas en \u00abLa 40\u00bb y los combatientes de abril. A su hero\u00edsmo. A sus sue\u00f1os, ideales y combates.<\/p>\n<\/p>\n<p>Agresi\u00f3n, ofensa, manipulaci\u00f3n perversa favorecida por renegados  y ejecutada por campeones de la corrupci\u00f3n y la simulaci\u00f3n. Protegida por la institucionalidad establecida, incluida la JCE, y por el silencio de una partidocracia pusil\u00e1nime. Uso vil de sus colores y  su hermoso himno. P\u00e9rfido intento de ensuciarlo.<\/p>\n<\/p>\n<p>Leonel Fern\u00e1ndez y su canalla pretendiendo ser la continuidad de aquello inalcanzable desde sus letrinas pol\u00edticas. Leonel, Diandino, D\u00edaz R\u00faa, Guzm\u00e1n Ferm\u00edn y generales de horca y cuchillo, con mont\u00f3n de billetes robados en los bolsillos, cantado \u00abllegaron lleno de patriotismo, enamorados de un puro ideal\u00bb, refugiados en locales verdinegros, facilitados por el Gato F\u00e9lix  y la ya a\u00f1eja traici\u00f3n petediana.<\/p>\n<\/p>\n<p> La suciedad exaltando la impureza y parapet\u00e1ndose detr\u00e1s de ella. La corrupci\u00f3n a la honestidad. El entreguismo al anti-imperialismo. La cobard\u00eda al valor. El neo-trujillismo al anti-trujillismo. La simulaci\u00f3n a la franqueza. La mentira a la verdad. El teatro a la realidad. Mafia pol\u00edtica exaltando  a revolucionarios\/as \u00edntegros\/as.<\/p>\n<\/p>\n<p>Negociando hasta lo m\u00e1s sagrado. Intentando robarse  o cualquierizar gestas revolucionarias y haza\u00f1as irrepetibles. Empe\u00f1ados en traspasar su mugre a corrent\u00edas l\u00edmpidas. En asociarse en suciedades que incluyen la compra de franquicias partidistas para estafar a la sociedad. En disfrazar la delincuencia derechista con trajes izquierdosos comprados a alto precios a renegados metidos a comerciantes de la pol\u00edtica.<\/p>\n<\/p>\n<p> As\u00ed las cosas, este crimen no debe quedar impune. El silencio predominante merece ser estremecido. No es aceptable permitir que estos tipejos se salgan con la suya, se burlen y hagan teatro de baja monta en medio de tanta sangre derramada y tantos sacrificios desinteresados.<\/p>\n<\/p>\n<p>Los principales beneficiarios de ese negocio turbio son personeros de la pol\u00edtica rastrera, recostados al gran capital gansterizado, que no han tirado una solo piedra por la libertad y la soberan\u00eda de este pueblo; mientras la muleta traidora utilizada con esos fines ensuci\u00f3 hace tiempo los aportes que pudieron hacer desde la izquierda.<\/p>\n<\/p>\n<p>No debemos tener miramientos en enfrentarlos ni en decirle al  pueblo todas las verdades que posibiliten desmontar sus simulaciones. Hay que detener esa agresi\u00f3n al patrimonio inmaterial de nuestra querida Quisqueya, atrevi\u00e9ndonos a llenar sus bocas de porquer\u00edas cuando osen fingir de herederos de Manolo y las Mariposas de Salcedo.<\/p>\n<\/p>\n<\/p>\n<h6> 2020-01-11 23:16:33 <\/h6>\n<p><!--\n<link rel=\"stylesheet\" href=\"css\/bootstrap.min.css\">\n\n\n<ul class=\"pagination\">\n\t    \n\t\n\n<li >\n\t<a href='?page_no=362'>Previous<\/a>\n\t<\/li>\n\n\n       \n    \n\n<li><a href='?page_no=1'>1<\/a><\/li>\n\n\n\n<li><a href='?page_no=2'>2<\/a><\/li>\n\n\n\n<li><a>...<\/a><\/li>\n\n\n\n<li><a href='?page_no=361'>361<\/a><\/li>\n\n\n\n<li><a href='?page_no=362'>362<\/a><\/li>\n\n\n\n<li class='active'><a>363<\/a><\/li>\n\n\n\n<li><a href='?page_no=364'>364<\/a><\/li>\n\n\n\n<li><a href='?page_no=365'>365<\/a><\/li>\n\n\n\n<li><a>...<\/a><\/li>\n\n\n\n<li><a href='?page_no=13611'>13611<\/a><\/li>\n\n\n\n<li><a href='?page_no=13612'>13612<\/a><\/li>\n\n    \n\t\n\n<li >\n\t<a href='?page_no=364'>Next<\/a>\n\t<\/li>\n\n\n    \n\n<li><a href='?page_no=13612'>Last &rsaquo;&rsaquo;<\/a><\/li>\n\n<\/ul>\n\n\n--><br \/>\n<\/body><\/p>\n","protected":false},"excerpt":{"rendered":"<p>VIL AGRESI\u00d3N Por Narciso Isa Conde A los H\u00e9roes de la Expedici\u00f3n de Junio del 59 que lo inspiraron. Al catorcismo, a Manolo, a Minerva, Tejada Florentino, Mar\u00eda Teresa, Sina Cabral, Luis G\u00f3mez P\u00e9rez&#8230; a los muchachos y muchachas de las espaldas laceradas en \u00abLa 40\u00bb y los combatientes de abril. A su hero\u00edsmo. A [&hellip;]<\/p>\n","protected":false},"author":3,"featured_media":0,"comment_status":"open","ping_status":"open","sticky":false,"template":"","format":"standard","meta":{"footnotes":""},"categories":[16],"tags":[],"class_list":["post-40415","post","type-post","status-publish","format-standard","hentry","category-opiniones"],"_links":{"self":[{"href":"https:\/\/diariodominicano.com\/index.php?rest_route=\/wp\/v2\/posts\/40415","targetHints":{"allow":["GET"]}}],"collection":[{"href":"https:\/\/diariodominicano.com\/index.php?rest_route=\/wp\/v2\/posts"}],"about":[{"href":"https:\/\/diariodominicano.com\/index.php?rest_route=\/wp\/v2\/types\/post"}],"author":[{"embeddable":true,"href":"https:\/\/diariodominicano.com\/index.php?rest_route=\/wp\/v2\/users\/3"}],"replies":[{"embeddable":true,"href":"https:\/\/diariodominicano.com\/index.php?rest_route=%2Fwp%2Fv2%2Fcomments&post=40415"}],"version-history":[{"count":0,"href":"https:\/\/diariodominicano.com\/index.php?rest_route=\/wp\/v2\/posts\/40415\/revisions"}],"wp:attachment":[{"href":"https:\/\/diariodominicano.com\/index.php?rest_route=%2Fwp%2Fv2%2Fmedia&parent=40415"}],"wp:term":[{"taxonomy":"category","embeddable":true,"href":"https:\/\/diariodominicano.com\/index.php?rest_route=%2Fwp%2Fv2%2Fcategories&post=40415"},{"taxonomy":"post_tag","embeddable":true,"href":"https:\/\/diariodominicano.com\/index.php?rest_route=%2Fwp%2Fv2%2Ftags&post=40415"}],"curies":[{"name":"wp","href":"https:\/\/api.w.org\/{rel}","templated":true}]}}