{"id":40393,"date":"2020-01-13T16:19:37","date_gmt":"2020-01-13T16:19:37","guid":{"rendered":"http:\/\/diariodominicano.ddns.net\/?p=40393"},"modified":"2020-01-13T16:19:37","modified_gmt":"2020-01-13T16:19:37","slug":"la-crisis-de-los-pollos","status":"publish","type":"post","link":"https:\/\/diariodominicano.com\/?p=40393","title":{"rendered":"&#13;La crisis de los pollos"},"content":{"rendered":"<p><body><\/p>\n<p>A Pleno Sol<\/p>\n<\/p>\n<p>La crisis de los pollos<\/p>\n<\/p>\n<p>Por Manuel Hern\u00e1ndez Villeta<\/p>\n<\/p>\n<\/p>\n<p>La crisis del pollo tiene que ser enfrentada de inmediato. Fallo la prevenci\u00f3n. De repente aparece un brote que  las  mismas autoridades encuentran inconvenientes en tipificar. Se necesita una declaraci\u00f3n conjunta de los ministerios de Salud y Agricultura, donde se informe s\u00ed se puede consumir la carne de pollo sin inconvenientes  para la  salud.<\/p>\n<\/p>\n<p>Los informes preliminares son que la peste de los pollos no afecta a los humanos. Son versiones emitidas por infectologos que han sido consultados por medios informativos. Se necesita la versi\u00f3n oficial, en rueda de prensa, y con los ministros de la Salud y el Agro.<\/p>\n<\/p>\n<p>Fallo la acci\u00f3n preventiva. Muy en especial la crisis est\u00e1 en las peque\u00f1as granjas, y las  que laboran si un amplio respaldo tecnol\u00f3gico y de sanitaristas. La carne del pueblo ahora mismo est\u00e1 lejos de la mesa.<\/p>\n<\/p>\n<p>Los culpables por la falta de orientaci\u00f3n y planificaci\u00f3n tendr\u00e1n que ser encontrados a su tiempo. Ahora no se puede perder tiempo en eso. Lo que hay es que buscar una correcci\u00f3n inmediata. Se debe continuar la l\u00ednea de vacunaci\u00f3n de los  llamados pollos bebes.<\/p>\n<\/p>\n<p>Tienen que haber inspectores especiales del ministerio de Agricultura que visiten las granjas av\u00edcolas peri\u00f3dicamente, y vigilen la aplicaci\u00f3n de las  medidas sanitarias. Si hay fallas en los protocolos de seguridad, entonces esa pollera tiene que ser cerrada de inmediato.<\/p>\n<\/p>\n<p>Si la carne que m\u00e1s consume la poblaci\u00f3n es de pollos, y llega un brote  que todav\u00eda no ha sido convenientemente tipificado, una parte considerable de la poblaci\u00f3n dejara de consumirla, al igual que los huevos.<\/p>\n<\/p>\n<p>Vendr\u00eda una crisis econ\u00f3mico irrecuperable para los peque\u00f1os productores de pollos, que son los m\u00e1s afectados por esta situaci\u00f3n. Ya a esos a criadores y vendedores se les cay\u00f3 el negocio, a ra\u00edz de la crisis haitiana y el cierre de mercados.<\/p>\n<\/p>\n<p>Los sectores oficiales deben actuar con transparencia y tomar el control de esta situaci\u00f3n. Disponer vigilancia total en los criaderos de pollos. Lo primero es salir de la crisis. Luego, hay que ver las p\u00e9rdidas de los peque\u00f1os productores, y ayudarlos.<\/p>\n<\/p>\n<p>Hay que vigilar los precios de los pollos. Podr\u00edan desplomarse o ser aumentados. Todo depende del manejo de la situaci\u00f3n. Los grandes productores, que distribuyen en todo el pa\u00eds y Hait\u00ed no han enfrentado problemas, y ellos pueden capear la crisis. Pero los peque\u00f1os  corren la misma suerte de sus aves.<\/p>\n<\/p>\n<p>Esta situaci\u00f3n solo tiene un nombre: una pol\u00edtica  deficiente para hacer frente a los problemas de la agropecuaria. Todos son culpables, los peque\u00f1os productores y el ministerio de agricultura. Las soluciones tienen que ser conjuntas.  Hay que mantener el suministro a los consumidores, sin que se aumenten los precios. Con toda la confianza y la seguridad necesaria, los huevos y los  pollos tienen que volver a la mesa dominicana. \u00a1Ay!, se me acabo la tinta.<\/p>\n<\/p>\n<\/p>\n<h6> 2020-01-13 16:19:37 <\/h6>\n<p><!--\n<link rel=\"stylesheet\" href=\"css\/bootstrap.min.css\">\n\n\n<ul class=\"pagination\">\n\t    \n\t\n\n<li >\n\t<a href='?page_no=360'>Previous<\/a>\n\t<\/li>\n\n\n       \n    \n\n<li><a href='?page_no=1'>1<\/a><\/li>\n\n\n\n<li><a href='?page_no=2'>2<\/a><\/li>\n\n\n\n<li><a>...<\/a><\/li>\n\n\n\n<li><a href='?page_no=359'>359<\/a><\/li>\n\n\n\n<li><a href='?page_no=360'>360<\/a><\/li>\n\n\n\n<li class='active'><a>361<\/a><\/li>\n\n\n\n<li><a href='?page_no=362'>362<\/a><\/li>\n\n\n\n<li><a href='?page_no=363'>363<\/a><\/li>\n\n\n\n<li><a>...<\/a><\/li>\n\n\n\n<li><a href='?page_no=13611'>13611<\/a><\/li>\n\n\n\n<li><a href='?page_no=13612'>13612<\/a><\/li>\n\n    \n\t\n\n<li >\n\t<a href='?page_no=362'>Next<\/a>\n\t<\/li>\n\n\n    \n\n<li><a href='?page_no=13612'>Last &rsaquo;&rsaquo;<\/a><\/li>\n\n<\/ul>\n\n\n--><br \/>\n<\/body><\/p>\n","protected":false},"excerpt":{"rendered":"<p>A Pleno Sol La crisis de los pollos Por Manuel Hern\u00e1ndez Villeta La crisis del pollo tiene que ser enfrentada de inmediato. Fallo la prevenci\u00f3n. De repente aparece un brote que las mismas autoridades encuentran inconvenientes en tipificar. Se necesita una declaraci\u00f3n conjunta de los ministerios de Salud y Agricultura, donde se informe s\u00ed se [&hellip;]<\/p>\n","protected":false},"author":3,"featured_media":0,"comment_status":"open","ping_status":"open","sticky":false,"template":"","format":"standard","meta":{"footnotes":""},"categories":[16],"tags":[],"class_list":["post-40393","post","type-post","status-publish","format-standard","hentry","category-opiniones"],"_links":{"self":[{"href":"https:\/\/diariodominicano.com\/index.php?rest_route=\/wp\/v2\/posts\/40393","targetHints":{"allow":["GET"]}}],"collection":[{"href":"https:\/\/diariodominicano.com\/index.php?rest_route=\/wp\/v2\/posts"}],"about":[{"href":"https:\/\/diariodominicano.com\/index.php?rest_route=\/wp\/v2\/types\/post"}],"author":[{"embeddable":true,"href":"https:\/\/diariodominicano.com\/index.php?rest_route=\/wp\/v2\/users\/3"}],"replies":[{"embeddable":true,"href":"https:\/\/diariodominicano.com\/index.php?rest_route=%2Fwp%2Fv2%2Fcomments&post=40393"}],"version-history":[{"count":0,"href":"https:\/\/diariodominicano.com\/index.php?rest_route=\/wp\/v2\/posts\/40393\/revisions"}],"wp:attachment":[{"href":"https:\/\/diariodominicano.com\/index.php?rest_route=%2Fwp%2Fv2%2Fmedia&parent=40393"}],"wp:term":[{"taxonomy":"category","embeddable":true,"href":"https:\/\/diariodominicano.com\/index.php?rest_route=%2Fwp%2Fv2%2Fcategories&post=40393"},{"taxonomy":"post_tag","embeddable":true,"href":"https:\/\/diariodominicano.com\/index.php?rest_route=%2Fwp%2Fv2%2Ftags&post=40393"}],"curies":[{"name":"wp","href":"https:\/\/api.w.org\/{rel}","templated":true}]}}