{"id":403848,"date":"2022-12-14T23:47:40","date_gmt":"2022-12-15T03:47:40","guid":{"rendered":"http:\/\/diariodominicano.com\/?p=403848"},"modified":"2022-12-14T23:47:40","modified_gmt":"2022-12-15T03:47:40","slug":"el-dia-que-nacio-eusebio-puello-y-castro","status":"publish","type":"post","link":"https:\/\/diariodominicano.com\/?p=403848","title":{"rendered":"El d\u00eda que naci\u00f3 Eusebio Puello y Castro"},"content":{"rendered":"\n<p>SANTO DOMINGO, el\u00a0 15 de diciembre de 1811, naci\u00f3 en la ciudad  Santo Domingo, Eusebio Puello y Castro, quien se destac\u00f3 como militar y luchador por la defensa de la soberan\u00eda nacional.<\/p>\n\n\n\n<p>&nbsp;&nbsp;&nbsp; Durante el per\u00edodo de la ocupaci\u00f3n haitiana,&nbsp; ingres\u00f3 al Ej\u00e9rcito y en 1840 ten\u00eda el rango de Capit\u00e1n,&nbsp; pero abandon\u00f3 sus filas en el a\u00f1o 1843 para integrarse a la lucha por la fundaci\u00f3n de la Rep\u00fablica Dominicana.<\/p>\n\n\n\n<p>&nbsp;&nbsp;&nbsp;&nbsp; Luego de proclamada&nbsp; la Rep\u00fablica, el 27 de febrero de 1844, Eusebio Puello y Castro,&nbsp; un militar de mucho valor en los combates contra las invasiones de Hait\u00ed al territorio dominicano.<\/p>\n\n\n\n<p>&nbsp;&nbsp; Por sus&nbsp; m\u00e9ritos patri\u00f3ticos,&nbsp; Eusebio Puello y Castro fue ascendido al grado de general. No obstante, cuando la Rep\u00fablica Dominicana fue anexada a Espa\u00f1a en el a\u00f1o 1861, Eusebio Puello y Castro apoy\u00f3 la decisi\u00f3n del Presidente Pedro Santana y sirvi\u00f3 a las tropas anexionistas.<\/p>\n\n\n\n<p>&nbsp;&nbsp;&nbsp; Cuando termin\u00f3 la guerra en julio de 1865, figur\u00f3 en el grupo de los \u00faltimos militares espa\u00f1oles que salieron del pa\u00eds con lo que termin\u00f3 la Guerra de la Restauraci\u00f3n.<\/p>\n","protected":false},"excerpt":{"rendered":"<p>SANTO DOMINGO, el\u00a0 15 de diciembre de 1811, naci\u00f3 en la ciudad Santo Domingo, Eusebio Puello y Castro, quien se destac\u00f3 como militar y luchador por la defensa de la soberan\u00eda nacional. &nbsp;&nbsp;&nbsp; Durante el per\u00edodo de la ocupaci\u00f3n haitiana,&nbsp; ingres\u00f3 al Ej\u00e9rcito y en 1840 ten\u00eda el rango de Capit\u00e1n,&nbsp; pero abandon\u00f3 sus filas [&hellip;]<\/p>\n","protected":false},"author":28,"featured_media":0,"comment_status":"closed","ping_status":"","sticky":false,"template":"","format":"standard","meta":{"footnotes":""},"categories":[26],"tags":[],"class_list":["post-403848","post","type-post","status-publish","format-standard","hentry","category-efemerides"],"_links":{"self":[{"href":"https:\/\/diariodominicano.com\/index.php?rest_route=\/wp\/v2\/posts\/403848","targetHints":{"allow":["GET"]}}],"collection":[{"href":"https:\/\/diariodominicano.com\/index.php?rest_route=\/wp\/v2\/posts"}],"about":[{"href":"https:\/\/diariodominicano.com\/index.php?rest_route=\/wp\/v2\/types\/post"}],"author":[{"embeddable":true,"href":"https:\/\/diariodominicano.com\/index.php?rest_route=\/wp\/v2\/users\/28"}],"replies":[{"embeddable":true,"href":"https:\/\/diariodominicano.com\/index.php?rest_route=%2Fwp%2Fv2%2Fcomments&post=403848"}],"version-history":[{"count":1,"href":"https:\/\/diariodominicano.com\/index.php?rest_route=\/wp\/v2\/posts\/403848\/revisions"}],"predecessor-version":[{"id":403849,"href":"https:\/\/diariodominicano.com\/index.php?rest_route=\/wp\/v2\/posts\/403848\/revisions\/403849"}],"wp:attachment":[{"href":"https:\/\/diariodominicano.com\/index.php?rest_route=%2Fwp%2Fv2%2Fmedia&parent=403848"}],"wp:term":[{"taxonomy":"category","embeddable":true,"href":"https:\/\/diariodominicano.com\/index.php?rest_route=%2Fwp%2Fv2%2Fcategories&post=403848"},{"taxonomy":"post_tag","embeddable":true,"href":"https:\/\/diariodominicano.com\/index.php?rest_route=%2Fwp%2Fv2%2Ftags&post=403848"}],"curies":[{"name":"wp","href":"https:\/\/api.w.org\/{rel}","templated":true}]}}