{"id":40382,"date":"2020-01-13T20:16:34","date_gmt":"2020-01-13T20:16:34","guid":{"rendered":"http:\/\/diariodominicano.ddns.net\/?p=40382"},"modified":"2020-01-13T20:16:34","modified_gmt":"2020-01-13T20:16:34","slug":"sancionar-las-consecuencias-y-atacar-las-causas","status":"publish","type":"post","link":"https:\/\/diariodominicano.com\/?p=40382","title":{"rendered":"SANCIONAR LAS CONSECUENCIAS Y ATACAR LAS CAUSAS"},"content":{"rendered":"<p><body><\/p>\n<p><strong><span class=\"text1noticias\">EN PRIMERA FILA<\/span><\/strong><\/p>\n<p><strong><span class=\"text1noticias\">SANCIONAR LAS CONSECUENCIAS Y ATACAR LAS CAUSAS<\/span><\/strong><\/p>\n<p><strong><span class=\"text1noticias\">Mario Rivadulla<\/span><\/strong><\/p>\n<\/p>\n<p><span class=\"text1noticias\">No les falta raz\u00f3n a quienes con justificada indignaci\u00f3n han reaccionado frente al horrendo asesinato de la menor Yaneisy Rodr\u00edguez, reclamando<\/span><\/p>\n<p><span class=\"text1noticias\">revisar el C\u00f3digo del Menor para aumentar las penas y establecer excepciones que permitan juzgar como adultos, en ciertos casos, a los<\/span><\/p>\n<p><span class=\"text1noticias\">adolescentes responsables de la comisi\u00f3n de determinados cr\u00edmenes dependiendo de la magnitud y circunstancias agravantes de los mismos.<\/span><\/p>\n<\/p>\n<p><span class=\"text1noticias\">Es un tema que arrastra mucho tiempo pendiente de abordaje. Hoy la norma para establecer la frontera de edad entre la adolescencia y<\/span><\/p>\n<p><span class=\"text1noticias\">la adultez no puede establecerse con el mismo criterio que d\u00e9cadas atr\u00e1s.<\/span><\/p>\n<\/p>\n<p><span class=\"text1noticias\">El cambio de patrones de educaci\u00f3n y conducta, el amplio y abierto acceso a los avanzados medios de comunicaci\u00f3n y el mayor margen de<\/span><\/p>\n<p><span class=\"text1noticias\">temprana libertad de que gozan los adolescentes les concede un nivel prematuro de madurez para comprender y asumir la responsabilidad de<\/span><\/p>\n<p><span class=\"text1noticias\">sus actos.<\/span><\/p>\n<\/p>\n<p><span class=\"text1noticias\">Cuando en el relato period\u00edstico del espantoso hecho criminal que cost\u00f3 la vida a la infortunada menor de apenas cuatro a\u00f1os, ultimada a golpes, se hace constar que uno de los responsables del hecho, con apenas 16 a\u00f1os ya cargaba una imputaci\u00f3n por violaci\u00f3n sexual pese a lo cual segu\u00eda disfrutando de libertad, no puede menos que sentirse ira y frustraci\u00f3n ante la perspectiva de que la mayor pena que afrontar\u00eda ahora ser\u00eda la de cinco a\u00f1os de prisi\u00f3n correccional, donde es muy de dudar que cambiara su torcida escala de valores y patr\u00f3n de conducta.<\/span><\/p>\n<\/p>\n<p><span class=\"text1noticias\">Ahora bien. Reducir la edad a la que un adolescente pueda ser juzgado como adulto, tal como ya est\u00e1 ocurriendo en otros pa\u00edses, incluso los Estados Unidos, tan frecuentemente tomado como referente, atacar\u00eda solo un aspecto del problema. En este caso, sancionar la consecuencia pero dejando al garete y sin medidas de ataque las diversas causas que contribuyeron a dar origen a la misma.<\/span><\/p>\n<\/p>\n<p><span class=\"text1noticias\">Esas causas, en varias de sus diversas facetas las aborda y recrea este viernes, en su aleccionadora columna que bajo el t\u00edtulo de \u00abLa tragedia\u00bb, se publica bajo la aguda pluma de la subdirectora del Diario Libre, In\u00e9s Aizp\u00fan, en la le\u00edda secci\u00f3n Antes del Meridiano, al advertir que el hecho que ha causado tanta conmoci\u00f3n p\u00fablica, tiene una intrahistoria. Esta comienza cuando la madre que con su irresponsable proceder contribuy\u00f3 a preparar el escenario de esta tragedia, tuvo su primer hijo a la prematura edad de 15 a\u00f1os.<\/span><\/p>\n<\/p>\n<p><span class=\"text1noticias\">No se trata de un hecho singular ni aislado. Es apenas un caso m\u00e1s integrante de la elevada tasa de natalidad de adolescentes en nuestro pa\u00eds que es de 90, casi el doble de la mundial que alcanza a 51, y<\/span><\/p>\n<p><span class=\"text1noticias\">asombrosamente muy superior inclusive a la de Hait\u00ed situada en 65. Madres a destiempo impreparadas e incapaces para ejercer el exigente oficio de la maternidad responsable, del que a su vez posiblemente han resultado tambi\u00e9n v\u00edctimas.<\/span><\/p>\n<\/p>\n<p><span class=\"text1noticias\">Es una situaci\u00f3n que da lugar a consecuencias que luego pueden contribuir a otras mucho mayores, como en este caso. Aizp\u00fan nos las recuerda&#8230;\u00bbdeserci\u00f3n escolar, el rechazo de la familia, el matrimonio<\/span><\/p>\n<p><span class=\"text1noticias\">obligado\u00b4&#8230;la pobreza es la sentencia de vida esperable\u00bb.<\/span><\/p>\n<\/p>\n<p><span class=\"text1noticias\">Cabr\u00eda agregar que muchas veces ese embarazo prematuro y temprana uni\u00f3n de pareja donde el hombre por lo general no tarda en desaparecer y desligarse de sus obligaciones de paternidad, es copia al carb\u00f3n del origen y hogar del que procede la hembra, y vista, alentada y propiciada en no pocos casos como una soluci\u00f3n para la estrechez econ\u00f3mica en que desenvuelve su n\u00facleo familiar, donde por lo general escasean los recursos y sobran bocas que alimentar.<\/span><\/p>\n<\/p>\n<p><span class=\"text1noticias\">Como bien apunta Aizp\u00fan se trata de un problema de salud p\u00fablica, de educaci\u00f3n, un drama econ\u00f3mico, sociol\u00f3gico, que tiene ramificaciones tambi\u00e9n en los cr\u00edmenes de violencia de g\u00e9nero, en los derechos de la ni\u00f1ez, de la mujer. Y, que ciertamente, como agrega, debiera constituir tema de importancia en la agenda de propuestas de quienes aspiran a gobernar el pa\u00eds.<\/span><\/p>\n<\/p>\n<\/p>\n<\/p>\n<h6> 2020-01-13 20:16:34 <\/h6>\n<p><!--\n<link rel=\"stylesheet\" href=\"css\/bootstrap.min.css\">\n\n\n<ul class=\"pagination\">\n\t    \n\t\n\n<li >\n\t<a href='?page_no=359'>Previous<\/a>\n\t<\/li>\n\n\n       \n    \n\n<li><a href='?page_no=1'>1<\/a><\/li>\n\n\n\n<li><a href='?page_no=2'>2<\/a><\/li>\n\n\n\n<li><a>...<\/a><\/li>\n\n\n\n<li><a href='?page_no=358'>358<\/a><\/li>\n\n\n\n<li><a href='?page_no=359'>359<\/a><\/li>\n\n\n\n<li class='active'><a>360<\/a><\/li>\n\n\n\n<li><a href='?page_no=361'>361<\/a><\/li>\n\n\n\n<li><a href='?page_no=362'>362<\/a><\/li>\n\n\n\n<li><a>...<\/a><\/li>\n\n\n\n<li><a href='?page_no=13611'>13611<\/a><\/li>\n\n\n\n<li><a href='?page_no=13612'>13612<\/a><\/li>\n\n    \n\t\n\n<li >\n\t<a href='?page_no=361'>Next<\/a>\n\t<\/li>\n\n\n    \n\n<li><a href='?page_no=13612'>Last &rsaquo;&rsaquo;<\/a><\/li>\n\n<\/ul>\n\n\n--><br \/>\n<\/body><\/p>\n","protected":false},"excerpt":{"rendered":"<p>EN PRIMERA FILA SANCIONAR LAS CONSECUENCIAS Y ATACAR LAS CAUSAS Mario Rivadulla No les falta raz\u00f3n a quienes con justificada indignaci\u00f3n han reaccionado frente al horrendo asesinato de la menor Yaneisy Rodr\u00edguez, reclamando revisar el C\u00f3digo del Menor para aumentar las penas y establecer excepciones que permitan juzgar como adultos, en ciertos casos, a los [&hellip;]<\/p>\n","protected":false},"author":3,"featured_media":0,"comment_status":"open","ping_status":"open","sticky":false,"template":"","format":"standard","meta":{"footnotes":""},"categories":[16],"tags":[],"class_list":["post-40382","post","type-post","status-publish","format-standard","hentry","category-opiniones"],"_links":{"self":[{"href":"https:\/\/diariodominicano.com\/index.php?rest_route=\/wp\/v2\/posts\/40382","targetHints":{"allow":["GET"]}}],"collection":[{"href":"https:\/\/diariodominicano.com\/index.php?rest_route=\/wp\/v2\/posts"}],"about":[{"href":"https:\/\/diariodominicano.com\/index.php?rest_route=\/wp\/v2\/types\/post"}],"author":[{"embeddable":true,"href":"https:\/\/diariodominicano.com\/index.php?rest_route=\/wp\/v2\/users\/3"}],"replies":[{"embeddable":true,"href":"https:\/\/diariodominicano.com\/index.php?rest_route=%2Fwp%2Fv2%2Fcomments&post=40382"}],"version-history":[{"count":0,"href":"https:\/\/diariodominicano.com\/index.php?rest_route=\/wp\/v2\/posts\/40382\/revisions"}],"wp:attachment":[{"href":"https:\/\/diariodominicano.com\/index.php?rest_route=%2Fwp%2Fv2%2Fmedia&parent=40382"}],"wp:term":[{"taxonomy":"category","embeddable":true,"href":"https:\/\/diariodominicano.com\/index.php?rest_route=%2Fwp%2Fv2%2Fcategories&post=40382"},{"taxonomy":"post_tag","embeddable":true,"href":"https:\/\/diariodominicano.com\/index.php?rest_route=%2Fwp%2Fv2%2Ftags&post=40382"}],"curies":[{"name":"wp","href":"https:\/\/api.w.org\/{rel}","templated":true}]}}