{"id":40359,"date":"2020-01-15T14:32:49","date_gmt":"2020-01-15T14:32:49","guid":{"rendered":"http:\/\/diariodominicano.ddns.net\/?p=40359"},"modified":"2020-01-15T14:32:49","modified_gmt":"2020-01-15T14:32:49","slug":"cuba-no-cambia","status":"publish","type":"post","link":"https:\/\/diariodominicano.com\/?p=40359","title":{"rendered":"&#13;CUBA NO CAMBIA"},"content":{"rendered":"<p><body><\/p>\n<p><strong><span class=\"text1noticias\">EN PRIMERA FILA<\/span><\/strong><\/p>\n<p><strong><span class=\"text1noticias\">CUBA NO CAMBIA<\/span><\/strong><\/p>\n<p><strong><span class=\"text1noticias\">Mario Rivadulla<\/span><\/strong><\/p>\n<\/p>\n<p><span class=\"text1noticias\">En 1960, analizando en su nota editorial la tensa situaci\u00f3n\u00a0creada entre el r\u00e9gimen castrista y el gobierno estadounidense, el influyente peri\u00f3dico The New York, concluy\u00f3 su enfoque sentenciando \u00abCuba es un pe\u00f3n de la guerra fr\u00eda y el destino de los peones es ser sacrificado\u00bb. Sesenta a\u00f1os despu\u00e9s el certero pron\u00f3stico se mantiene vigente.<\/span><\/p>\n<\/p>\n<p><span class=\"text1noticias\">Sometido a un severo r\u00e9gimen represivo de car\u00e1cter polic\u00edaco-militar y a un sistema econ\u00f3mico estrepitosamente fracasado, que mantiene<\/span><\/p>\n<p><span class=\"text1noticias\">sumida a su poblaci\u00f3n en un estado de persistente pobreza sin asomos ni esperanzas de mejor\u00eda, el pa\u00eds permanece estratificado en el tiempo,<\/span><\/p>\n<p><span class=\"text1noticias\">girando en un interminable c\u00edrculo de promesas incumplidas y ut\u00f3picos proyectos fracasados, donde sin el menor espacio para el respeto de los<\/span><\/p>\n<p><span class=\"text1noticias\">derechos humanos y las libertades civiles palabras que no figuran en su diccionario.<\/span><\/p>\n<\/p>\n<p><span class=\"text1noticias\">Hoy precisamente la aguda pluma anal\u00edtica de In\u00e9s Aizp\u00fan aborda el tema bajo el t\u00edtulo \u00abCuba no Cambia\u00bb en la le\u00edda columna Antes del Meridiano que publica Diario Libre, y de cuyo contenido nos hacemos eco solidario. Dice as\u00ed: \u00abNo parece que las cosas est\u00e9n cambiando en Cuba. En poco m\u00e1s de dos semanas Prisioners Defenders y el Alto Comisionado para los Derechos Humanos de las Naciones Unidas han levantado la voz de alarma sobre la represi\u00f3n en Cuba.<\/span><\/p>\n<\/p>\n<p><span class=\"text1noticias\">Prisioners Defenders alerta que Cuba tiene el ratio de presos m\u00e1s alto del mundo: 794 por cada 100 mil habitantes. Son datos \u00aboficiales\u00bb de la Direcci\u00f3n General de Prisiones de Cuba, as\u00ed que son dif\u00edcilmente<\/span><\/p>\n<p><span class=\"text1noticias\">desmemtibles o atribuibles a una conspiraci\u00f3n de las fuerzas del Imperio.<\/span><\/p>\n<\/p>\n<p><span class=\"text1noticias\">La represi\u00f3n no es solo pol\u00edtica y hay condenas a trabajos forzados. 38,000 presos no tienen antecedentes penales y alrededor de dos mil son disidentes que militan en alguna organizaci\u00f3n opositora.<\/span><\/p>\n<p><span class=\"text1noticias\">Por otro lado, Urmila Bhoola, relatora especial sobre las formas contempor\u00e1neas de la esclavitud y Mar\u00eda Grazia Giuammarinaro, relatora especial sobre la trata de personas, ambas trabajan para las Naciones Unidas, denuncian que las misiones m\u00e9dicas internacionales cubanas ha sido denunciadas por los propios participantes sobre varios aspectos: falta de contrato, retenci\u00f3n de parte del sueldo por el gobierno<\/span><\/p>\n<p><span class=\"text1noticias\">cubano, m\u00e1s de 64 horas laborales a la semana, seguimiento del r\u00e9gimen, penas de hasta ocho a\u00f1os de c\u00e1rcel si abandonan la misi\u00f3n&#8230;<\/span><\/p>\n<\/p>\n<p><span class=\"text1noticias\">Sigue la represi\u00f3n y sigue el oscurantismo. La epidemia de dengue de 2019, por ejemplo, ha sido minimizada por las autoridades pero ampliamente divulgada por medios alternativos como aviso del colapso del sistema de salud, una de la joyas del r\u00e9gimen castrista. <\/span><\/p>\n<\/p>\n<p><span class=\"text1noticias\">Cuba no cambia pero todav\u00eda movimientos internacionales que se autoproclaman progresistas, mantienen viva de la farsa de aquella llamada Revoluci\u00f3n.<\/span><\/p>\n<\/p>\n<p><span class=\"text1noticias\">Toca plantearse qu\u00e9 y qui\u00e9n merece ser llamado progresista. Las palabras importan pero ya est\u00e1n vac\u00edas.<\/span><\/p>\n<\/p>\n<p><span class=\"text1noticias\">Por nuestra parte, no\u00a0agregamos palabras. Son innecesarias. En esa contundente exposici\u00f3n est\u00e1 concretado el drama de un pueblo al que unen tantos lazos fraternos e hist\u00f3ricos con el dominicano, privado desde hace seis d\u00e9cadas de ejercer el postulado martiano de \u00abpensar y hablar sin hipocres\u00eda\u00bb.<\/span><\/p>\n<\/p>\n<\/p>\n<h6> 2020-01-15 14:32:49 <\/h6>\n<p><!--\n<link rel=\"stylesheet\" href=\"css\/bootstrap.min.css\">\n\n\n<ul class=\"pagination\">\n\t    \n\t\n\n<li >\n\t<a href='?page_no=357'>Previous<\/a>\n\t<\/li>\n\n\n       \n    \n\n<li><a href='?page_no=1'>1<\/a><\/li>\n\n\n\n<li><a href='?page_no=2'>2<\/a><\/li>\n\n\n\n<li><a>...<\/a><\/li>\n\n\n\n<li><a href='?page_no=356'>356<\/a><\/li>\n\n\n\n<li><a href='?page_no=357'>357<\/a><\/li>\n\n\n\n<li class='active'><a>358<\/a><\/li>\n\n\n\n<li><a href='?page_no=359'>359<\/a><\/li>\n\n\n\n<li><a href='?page_no=360'>360<\/a><\/li>\n\n\n\n<li><a>...<\/a><\/li>\n\n\n\n<li><a href='?page_no=13611'>13611<\/a><\/li>\n\n\n\n<li><a href='?page_no=13612'>13612<\/a><\/li>\n\n    \n\t\n\n<li >\n\t<a href='?page_no=359'>Next<\/a>\n\t<\/li>\n\n\n    \n\n<li><a href='?page_no=13612'>Last &rsaquo;&rsaquo;<\/a><\/li>\n\n<\/ul>\n\n\n--><br \/>\n<\/body><\/p>\n","protected":false},"excerpt":{"rendered":"<p>EN PRIMERA FILA CUBA NO CAMBIA Mario Rivadulla En 1960, analizando en su nota editorial la tensa situaci\u00f3n\u00a0creada entre el r\u00e9gimen castrista y el gobierno estadounidense, el influyente peri\u00f3dico The New York, concluy\u00f3 su enfoque sentenciando \u00abCuba es un pe\u00f3n de la guerra fr\u00eda y el destino de los peones es ser sacrificado\u00bb. Sesenta a\u00f1os [&hellip;]<\/p>\n","protected":false},"author":3,"featured_media":0,"comment_status":"open","ping_status":"open","sticky":false,"template":"","format":"standard","meta":{"footnotes":""},"categories":[16],"tags":[],"class_list":["post-40359","post","type-post","status-publish","format-standard","hentry","category-opiniones"],"_links":{"self":[{"href":"https:\/\/diariodominicano.com\/index.php?rest_route=\/wp\/v2\/posts\/40359","targetHints":{"allow":["GET"]}}],"collection":[{"href":"https:\/\/diariodominicano.com\/index.php?rest_route=\/wp\/v2\/posts"}],"about":[{"href":"https:\/\/diariodominicano.com\/index.php?rest_route=\/wp\/v2\/types\/post"}],"author":[{"embeddable":true,"href":"https:\/\/diariodominicano.com\/index.php?rest_route=\/wp\/v2\/users\/3"}],"replies":[{"embeddable":true,"href":"https:\/\/diariodominicano.com\/index.php?rest_route=%2Fwp%2Fv2%2Fcomments&post=40359"}],"version-history":[{"count":0,"href":"https:\/\/diariodominicano.com\/index.php?rest_route=\/wp\/v2\/posts\/40359\/revisions"}],"wp:attachment":[{"href":"https:\/\/diariodominicano.com\/index.php?rest_route=%2Fwp%2Fv2%2Fmedia&parent=40359"}],"wp:term":[{"taxonomy":"category","embeddable":true,"href":"https:\/\/diariodominicano.com\/index.php?rest_route=%2Fwp%2Fv2%2Fcategories&post=40359"},{"taxonomy":"post_tag","embeddable":true,"href":"https:\/\/diariodominicano.com\/index.php?rest_route=%2Fwp%2Fv2%2Ftags&post=40359"}],"curies":[{"name":"wp","href":"https:\/\/api.w.org\/{rel}","templated":true}]}}