{"id":403502,"date":"2022-12-13T20:20:35","date_gmt":"2022-12-14T00:20:35","guid":{"rendered":"http:\/\/diariodominicano.com\/?p=403502"},"modified":"2022-12-13T20:20:35","modified_gmt":"2022-12-14T00:20:35","slug":"agente-policial-resulta-herido-y-civil-muerto-en-accion-legal-durante-allanamiento-en-santiago","status":"publish","type":"post","link":"https:\/\/diariodominicano.com\/?p=403502","title":{"rendered":"Agente policial resulta herido y  civil muerto en acci\u00f3n legal durante allanamiento en Santiago."},"content":{"rendered":"\n<p>diariodominicano.com<\/p>\n\n\n\n<p><strong><em>Santiago, 13 de Diciembre&nbsp;&nbsp;del 2022-<\/em><\/strong><strong><em>&nbsp;La Direcci\u00f3n Regional Cibao Central, P.N, inform\u00f3 que un agente policial result\u00f3 herido y un hombre de clase civil muerto en acci\u00f3n legal, durante un allanamiento realizado mediante orden judicial no. 10397-2022, por agentes policiales adscritos a la Subdirecci\u00f3n de Inteligencia (DINTEL), en compa\u00f1\u00eda del equipo SWAT y representantes del Ministerio P\u00fablico.<\/em><\/strong><\/p>\n\n\n\n<p><strong><em>El occiso respond\u00eda al nombre de Daniel Antonio Rodr\u00edguez C\u00e9spedes, apodado El Qu\u00edmico y\/o Dengo de 43 a\u00f1os, residente en la calle Los Rieles de Gurabo, el mismo ten\u00eda una denuncia en su contra por el hecho de haberle realizado cinco disparos con una arma de fuego a un se\u00f1or en medio de una discusi\u00f3n por un roce vehicular en fecha 16-11-2022.<\/em><\/strong><\/p>\n\n\n\n<p><strong><em>De acuerdo al informe policial, el hecho se produjo momentos en que el contingente policial se presentara a dicha residencia, toc\u00e1ndole la puerta e identific\u00e1ndose de manera formal, a quienes se le neg\u00f3 abrir la puerta, procediendo los agentes actuantes a derribarla, donde Rodr\u00edguez C\u00e9spedes se atrincher\u00f3 en el ba\u00f1o de dicha casa, realiz\u00e1ndoles disparos, resultado un agente&nbsp;&nbsp;&nbsp;policial herido de bala en una pierna.<\/em><\/strong><\/p>\n\n\n\n<p><strong><em>Agrega que, los miembros de la instituci\u00f3n del orden se vieron en la imperiosa necesidad de repeler la agresi\u00f3n, resultando muerto Rodr\u00edguez C\u00e9spedes.<\/em><\/strong><\/p>\n\n\n\n<p><strong><em>Al lugar del hecho se present\u00f3 la Polic\u00eda Cient\u00edfica, colectando como evidencia la pistola marca Sarsilmaz, calibre 9mm, serie no. T110204H000919, nueve casquillos calibre 9mm y cuatro calibre 7.62, as\u00ed como tambi\u00e9n el&nbsp;&nbsp;fiscal actuante ocup\u00f3 un chaleco anti-bala, dos cargadores de pistola, todo esto en poder del Ministerio P\u00fablico.<\/em><\/strong><\/p>\n\n\n\n<p>Fuente:  <strong><em>OFICINA DE INFORMACI\u00d3N Y COMUNICACIONES ESTRAT\u00c9GICAS DIRECCI\u00d3N REGIONAL CIBAO CENTRAL DE LA POLIC\u00cdA NACIONAL<\/em><\/strong><\/p>\n\n\n\n<figure class=\"wp-block-table\"><table><tbody><tr><td><strong>policia nacional<\/strong><\/td><\/tr><\/tbody><\/table><\/figure>\n","protected":false},"excerpt":{"rendered":"<p>diariodominicano.com Santiago, 13 de Diciembre&nbsp;&nbsp;del 2022-&nbsp;La Direcci\u00f3n Regional Cibao Central, P.N, inform\u00f3 que un agente policial result\u00f3 herido y un hombre de clase civil muerto en acci\u00f3n legal, durante un allanamiento realizado mediante orden judicial no. 10397-2022, por agentes policiales adscritos a la Subdirecci\u00f3n de Inteligencia (DINTEL), en compa\u00f1\u00eda del equipo SWAT y representantes del [&hellip;]<\/p>\n","protected":false},"author":5,"featured_media":403503,"comment_status":"closed","ping_status":"","sticky":true,"template":"","format":"standard","meta":{"footnotes":""},"categories":[29,27],"tags":[],"class_list":["post-403502","post","type-post","status-publish","format-standard","has-post-thumbnail","hentry","category-policiasucesos","category-portada"],"_links":{"self":[{"href":"https:\/\/diariodominicano.com\/index.php?rest_route=\/wp\/v2\/posts\/403502","targetHints":{"allow":["GET"]}}],"collection":[{"href":"https:\/\/diariodominicano.com\/index.php?rest_route=\/wp\/v2\/posts"}],"about":[{"href":"https:\/\/diariodominicano.com\/index.php?rest_route=\/wp\/v2\/types\/post"}],"author":[{"embeddable":true,"href":"https:\/\/diariodominicano.com\/index.php?rest_route=\/wp\/v2\/users\/5"}],"replies":[{"embeddable":true,"href":"https:\/\/diariodominicano.com\/index.php?rest_route=%2Fwp%2Fv2%2Fcomments&post=403502"}],"version-history":[{"count":1,"href":"https:\/\/diariodominicano.com\/index.php?rest_route=\/wp\/v2\/posts\/403502\/revisions"}],"predecessor-version":[{"id":403504,"href":"https:\/\/diariodominicano.com\/index.php?rest_route=\/wp\/v2\/posts\/403502\/revisions\/403504"}],"wp:featuredmedia":[{"embeddable":true,"href":"https:\/\/diariodominicano.com\/index.php?rest_route=\/wp\/v2\/media\/403503"}],"wp:attachment":[{"href":"https:\/\/diariodominicano.com\/index.php?rest_route=%2Fwp%2Fv2%2Fmedia&parent=403502"}],"wp:term":[{"taxonomy":"category","embeddable":true,"href":"https:\/\/diariodominicano.com\/index.php?rest_route=%2Fwp%2Fv2%2Fcategories&post=403502"},{"taxonomy":"post_tag","embeddable":true,"href":"https:\/\/diariodominicano.com\/index.php?rest_route=%2Fwp%2Fv2%2Ftags&post=403502"}],"curies":[{"name":"wp","href":"https:\/\/api.w.org\/{rel}","templated":true}]}}