{"id":40348,"date":"2020-01-15T14:34:52","date_gmt":"2020-01-15T14:34:52","guid":{"rendered":"http:\/\/diariodominicano.ddns.net\/?p=40348"},"modified":"2020-01-15T14:34:52","modified_gmt":"2020-01-15T14:34:52","slug":"recordando-las-ideologias","status":"publish","type":"post","link":"https:\/\/diariodominicano.com\/?p=40348","title":{"rendered":"Recordando las ideolog\u00edas"},"content":{"rendered":"<p><body><\/p>\n<p><strong>A Pleno Sol<\/strong><\/p>\n<p><strong>Recordando las ideolog\u00edas<\/strong><\/p>\n<p><strong>Por Manuel Hern\u00e1ndez Villeta<\/strong><\/p>\n<\/p>\n<\/p>\n<p>La ca\u00edda de las ideolog\u00edas, convirti\u00f3 al mundo en un terreno donde se camina por la senda del comercio y los intereses econ\u00f3micos. La lucha de hoy no es por reivindicaciones sociales, sino por abrir o mantener los mercados.<\/p>\n<\/p>\n<p>Como pas\u00f3 en la guerra fr\u00eda, las grandes potencias se dividen sus zonas de intereses. Hay todav\u00eda fundamentos ideol\u00f3gicos en el coraz\u00f3n de millones de personas, pero un ideal colectivo est\u00e1 congelado.<\/p>\n<\/p>\n<p>Para volver a la lucha con fundamentos ideol\u00f3gicos habr\u00eda que conquistar a las nuevas generaciones, a las cuales hoy eso les importa un pepino. Los j\u00f3venes que son los encargados de realizar los cambios, hoy son indiferentes ante los graves problemas que tenemos los dominicanos.<\/p>\n<\/p>\n<p>A ra\u00edz de la muerte de Trujillo fueron los j\u00f3venes, muchos de ellos adolescentes, los que salieron a las calles a luchar contra los remanentes del tirano. Despu\u00e9s del Golpe de Estado a Juan Bosch cometieron errores, como las guerrillas de Manolo Tavarez Justo, pero vibraron de patriotismo en la revoluci\u00f3n de abril del 1965.<\/p>\n<p>Esos j\u00f3venes regaron con su sangre todos los rincones del territorio nacional, en la lucha sin tregua contra el gobierno de los doce a\u00f1os del doctor Joaqu\u00edn Balaguer. Esa generaci\u00f3n hoy es polvo o peina canas. No pudo alcanzar el triunfo  y dej\u00f3 una fecha libre para los recordatorios, los paneg\u00edricos sobre su hero\u00edsmo y las ofrendas florales.<\/p>\n<\/p>\n<p>La generaci\u00f3n contestar\u00eda de los 60, 70, 80 pas\u00f3 sin dejar sembrada la semilla de la eterna lucha ideol\u00f3gica por el bien com\u00fan. Desapareci\u00f3 de la escena p\u00fablica y hoy solo quedan los recuerdos y el vivir en el pasado, de muchos de sus dirigentes eternos.<\/p>\n<\/p>\n<p>Si las nuevas generaciones son amorfas en fundamento ideol\u00f3gico, no es su responsabilidad. Fracasaron  los que ten\u00edan los pies en Santo Domingo, y la cabeza en la lucha de las grandes potencias de izquierdas. Las tendencias chinas o Sovi\u00e9ticas los llevo a un acantilado sin retorno.<\/p>\n<\/p>\n<p>Los problemas sociales no han cambiado en los \u00faltimos 60  a\u00f1os en la Rep\u00fablica Dominicana.  Hambre; desempleo; violencia; corrupci\u00f3n; falta de tierras para cultivar; analfabetismo; ausencia de una pol\u00edtica  hospitalaria; el sindicalismo ahogando el a\u00f1o escolar, en medio de bur\u00f3cratas irresponsables: las riquezas en pocas manos&#8230; Todo sigue igual.<\/p>\n<\/p>\n<p>Seamos realistas, hoy m\u00e1s que divisiones, lo que se necesita es una gran alianza nacional para hacer frente a nuestros graves problemas. Las votaciones no har\u00e1n un milagro. No ser\u00e1n un elixir para una salvaci\u00f3n maravillosa.  Las elecciones no van a solucionar los males. Cambiaran las caras y todo seguir\u00e1 igual. \u00a1Ay!, se me acab\u00f3 la tinta.<\/p>\n<\/p>\n<\/p>\n<h6> 2020-01-15 14:34:52 <\/h6>\n<p><!--\n<link rel=\"stylesheet\" href=\"css\/bootstrap.min.css\">\n\n\n<ul class=\"pagination\">\n\t    \n\t\n\n<li >\n\t<a href='?page_no=356'>Previous<\/a>\n\t<\/li>\n\n\n       \n    \n\n<li><a href='?page_no=1'>1<\/a><\/li>\n\n\n\n<li><a href='?page_no=2'>2<\/a><\/li>\n\n\n\n<li><a>...<\/a><\/li>\n\n\n\n<li><a href='?page_no=355'>355<\/a><\/li>\n\n\n\n<li><a href='?page_no=356'>356<\/a><\/li>\n\n\n\n<li class='active'><a>357<\/a><\/li>\n\n\n\n<li><a href='?page_no=358'>358<\/a><\/li>\n\n\n\n<li><a href='?page_no=359'>359<\/a><\/li>\n\n\n\n<li><a>...<\/a><\/li>\n\n\n\n<li><a href='?page_no=13611'>13611<\/a><\/li>\n\n\n\n<li><a href='?page_no=13612'>13612<\/a><\/li>\n\n    \n\t\n\n<li >\n\t<a href='?page_no=358'>Next<\/a>\n\t<\/li>\n\n\n    \n\n<li><a href='?page_no=13612'>Last &rsaquo;&rsaquo;<\/a><\/li>\n\n<\/ul>\n\n\n--><br \/>\n<\/body><\/p>\n","protected":false},"excerpt":{"rendered":"<p>A Pleno Sol Recordando las ideolog\u00edas Por Manuel Hern\u00e1ndez Villeta La ca\u00edda de las ideolog\u00edas, convirti\u00f3 al mundo en un terreno donde se camina por la senda del comercio y los intereses econ\u00f3micos. La lucha de hoy no es por reivindicaciones sociales, sino por abrir o mantener los mercados. Como pas\u00f3 en la guerra fr\u00eda, [&hellip;]<\/p>\n","protected":false},"author":3,"featured_media":0,"comment_status":"open","ping_status":"open","sticky":false,"template":"","format":"standard","meta":{"footnotes":""},"categories":[16],"tags":[],"class_list":["post-40348","post","type-post","status-publish","format-standard","hentry","category-opiniones"],"_links":{"self":[{"href":"https:\/\/diariodominicano.com\/index.php?rest_route=\/wp\/v2\/posts\/40348","targetHints":{"allow":["GET"]}}],"collection":[{"href":"https:\/\/diariodominicano.com\/index.php?rest_route=\/wp\/v2\/posts"}],"about":[{"href":"https:\/\/diariodominicano.com\/index.php?rest_route=\/wp\/v2\/types\/post"}],"author":[{"embeddable":true,"href":"https:\/\/diariodominicano.com\/index.php?rest_route=\/wp\/v2\/users\/3"}],"replies":[{"embeddable":true,"href":"https:\/\/diariodominicano.com\/index.php?rest_route=%2Fwp%2Fv2%2Fcomments&post=40348"}],"version-history":[{"count":0,"href":"https:\/\/diariodominicano.com\/index.php?rest_route=\/wp\/v2\/posts\/40348\/revisions"}],"wp:attachment":[{"href":"https:\/\/diariodominicano.com\/index.php?rest_route=%2Fwp%2Fv2%2Fmedia&parent=40348"}],"wp:term":[{"taxonomy":"category","embeddable":true,"href":"https:\/\/diariodominicano.com\/index.php?rest_route=%2Fwp%2Fv2%2Fcategories&post=40348"},{"taxonomy":"post_tag","embeddable":true,"href":"https:\/\/diariodominicano.com\/index.php?rest_route=%2Fwp%2Fv2%2Ftags&post=40348"}],"curies":[{"name":"wp","href":"https:\/\/api.w.org\/{rel}","templated":true}]}}