{"id":403405,"date":"2022-12-13T00:33:28","date_gmt":"2022-12-13T04:33:28","guid":{"rendered":"http:\/\/diariodominicano.com\/?p=403405"},"modified":"2022-12-13T00:34:09","modified_gmt":"2022-12-13T04:34:09","slug":"en-menos-de-40-dias-mayor-general-eduardo-alberto-then-integra-49-unidades-vehiculares-a-santiago-en-pro-de-fortalecer-el-accionar-y-patrullaje-preventivo-e-investigativo","status":"publish","type":"post","link":"https:\/\/diariodominicano.com\/?p=403405","title":{"rendered":"En menos de 40 d\u00edas, mayor general Eduardo Alberto Then integra 49 unidades vehiculares a Santiago, en pro de fortalecer el accionar y patrullaje preventivo e investigativo"},"content":{"rendered":"\n<p><\/p>\n\n\n\n<p><strong>Las nuevas unidades incorporadas forman parte del programa \u201cNavidad con moderaci\u00f3n y Responsabilidad 2022\u201d.<\/strong><\/p>\n\n\n\n<figure class=\"wp-block-image size-large\"><img loading=\"lazy\" decoding=\"async\" width=\"1024\" height=\"576\" src=\"https:\/\/diariodominicano.com\/wp-content\/uploads\/2022\/12\/image-2022-12-13T003040.369-1024x576.png\" alt=\"\" class=\"wp-image-403407\" srcset=\"https:\/\/diariodominicano.com\/wp-content\/uploads\/2022\/12\/image-2022-12-13T003040.369-1024x576.png 1024w, https:\/\/diariodominicano.com\/wp-content\/uploads\/2022\/12\/image-2022-12-13T003040.369-300x169.png 300w, https:\/\/diariodominicano.com\/wp-content\/uploads\/2022\/12\/image-2022-12-13T003040.369-768x432.png 768w, https:\/\/diariodominicano.com\/wp-content\/uploads\/2022\/12\/image-2022-12-13T003040.369-1536x864.png 1536w, https:\/\/diariodominicano.com\/wp-content\/uploads\/2022\/12\/image-2022-12-13T003040.369-816x459.png 816w, https:\/\/diariodominicano.com\/wp-content\/uploads\/2022\/12\/image-2022-12-13T003040.369.png 1600w\" sizes=\"auto, (max-width: 1024px) 100vw, 1024px\" \/><\/figure>\n\n\n\n<p><strong>Santiago, 12 de Diciembre&nbsp;&nbsp;2022<\/strong>&#8211; De manera constante el director general de la Polic\u00eda Nacional, mayor general Eduardo Alberto Then se trasladado&nbsp;&nbsp;a esta ciudad a realizar la entrega de varias unidades policiales motorizadas, entre ellas camionetas y motocicletas, a los fines de aumentar el patrullaje preventivo, garantizar la seguridad ciudadana y enfrentar los hechos il\u00edcitos, as\u00ed como tambi\u00e9n lograr que la familia pasen las festividades navide\u00f1as en paz y tranquilidad, dentro del marco del programa \u201cNavidad con Moderaci\u00f3n y Responsabilidad 2022\u201d.<\/p>\n\n\n\n<p>Entre las nuevas unidades incorporadas a las labores policiales figuran 18 camionetas y 31 motocicletas, las cuales fueron entregadas en procura de intensificar el accionar preventivo en los diferentes sectores de esta jurisdicci\u00f3n y a la subdirecci\u00f3n de Investigaciones Criminales (DICRIM).<\/p>\n\n\n\n<figure class=\"wp-block-image size-large\"><img loading=\"lazy\" decoding=\"async\" width=\"1024\" height=\"576\" src=\"https:\/\/diariodominicano.com\/wp-content\/uploads\/2022\/12\/image-2022-12-13T003032.213-1024x576.png\" alt=\"\" class=\"wp-image-403408\" srcset=\"https:\/\/diariodominicano.com\/wp-content\/uploads\/2022\/12\/image-2022-12-13T003032.213-1024x576.png 1024w, https:\/\/diariodominicano.com\/wp-content\/uploads\/2022\/12\/image-2022-12-13T003032.213-300x169.png 300w, https:\/\/diariodominicano.com\/wp-content\/uploads\/2022\/12\/image-2022-12-13T003032.213-768x432.png 768w, https:\/\/diariodominicano.com\/wp-content\/uploads\/2022\/12\/image-2022-12-13T003032.213-1536x864.png 1536w, https:\/\/diariodominicano.com\/wp-content\/uploads\/2022\/12\/image-2022-12-13T003032.213-816x459.png 816w, https:\/\/diariodominicano.com\/wp-content\/uploads\/2022\/12\/image-2022-12-13T003032.213.png 1600w\" sizes=\"auto, (max-width: 1024px) 100vw, 1024px\" \/><\/figure>\n\n\n\n<p>Tras hacer dicha entrega, el mayor general, Alberto Then expres\u00f3, \u201chago entrega de estos veh\u00edculos al general Ram\u00f3n Azcona Reyes, director Regional Cibao Central, para que vigile y supervise el buen uso de estas unidades, con el fin de proteger y servir a la ciudadan\u00eda, al respeto, buena, responsable, trabajadora y honesta de esta provincia\u201d.<\/p>\n\n\n\n<p>De las 49 unidades vehiculares, cinco fueron incorporadas a esta ciudad el pasado 4 de noviembre, asimismo el 21 del referido mes, cinco camionetas y 15 motocicletas, adem\u00e1s en el d\u00eda de ayer 11 de diciembre, 8 camionetas y 16 motorizadas, con el prop\u00f3sito de fortalecer las acciones preventivas y el patrullaje.<\/p>\n\n\n\n<p>policia nacional<a target=\"_blank\" href=\"mailto:npolicia14@gmail.com\" rel=\"noreferrer noopener\">npolicia14@gmail.com<\/a><\/p>\n","protected":false},"excerpt":{"rendered":"<p>Las nuevas unidades incorporadas forman parte del programa \u201cNavidad con moderaci\u00f3n y Responsabilidad 2022\u201d. Santiago, 12 de Diciembre&nbsp;&nbsp;2022&#8211; De manera constante el director general de la Polic\u00eda Nacional, mayor general Eduardo Alberto Then se trasladado&nbsp;&nbsp;a esta ciudad a realizar la entrega de varias unidades policiales motorizadas, entre ellas camionetas y motocicletas, a los fines de [&hellip;]<\/p>\n","protected":false},"author":28,"featured_media":403406,"comment_status":"closed","ping_status":"","sticky":false,"template":"","format":"standard","meta":{"footnotes":""},"categories":[20,29],"tags":[],"class_list":["post-403405","post","type-post","status-publish","format-standard","has-post-thumbnail","hentry","category-dominicana-hoy","category-policiasucesos"],"_links":{"self":[{"href":"https:\/\/diariodominicano.com\/index.php?rest_route=\/wp\/v2\/posts\/403405","targetHints":{"allow":["GET"]}}],"collection":[{"href":"https:\/\/diariodominicano.com\/index.php?rest_route=\/wp\/v2\/posts"}],"about":[{"href":"https:\/\/diariodominicano.com\/index.php?rest_route=\/wp\/v2\/types\/post"}],"author":[{"embeddable":true,"href":"https:\/\/diariodominicano.com\/index.php?rest_route=\/wp\/v2\/users\/28"}],"replies":[{"embeddable":true,"href":"https:\/\/diariodominicano.com\/index.php?rest_route=%2Fwp%2Fv2%2Fcomments&post=403405"}],"version-history":[{"count":3,"href":"https:\/\/diariodominicano.com\/index.php?rest_route=\/wp\/v2\/posts\/403405\/revisions"}],"predecessor-version":[{"id":403411,"href":"https:\/\/diariodominicano.com\/index.php?rest_route=\/wp\/v2\/posts\/403405\/revisions\/403411"}],"wp:featuredmedia":[{"embeddable":true,"href":"https:\/\/diariodominicano.com\/index.php?rest_route=\/wp\/v2\/media\/403406"}],"wp:attachment":[{"href":"https:\/\/diariodominicano.com\/index.php?rest_route=%2Fwp%2Fv2%2Fmedia&parent=403405"}],"wp:term":[{"taxonomy":"category","embeddable":true,"href":"https:\/\/diariodominicano.com\/index.php?rest_route=%2Fwp%2Fv2%2Fcategories&post=403405"},{"taxonomy":"post_tag","embeddable":true,"href":"https:\/\/diariodominicano.com\/index.php?rest_route=%2Fwp%2Fv2%2Ftags&post=403405"}],"curies":[{"name":"wp","href":"https:\/\/api.w.org\/{rel}","templated":true}]}}