{"id":403372,"date":"2022-12-12T23:44:56","date_gmt":"2022-12-13T03:44:56","guid":{"rendered":"http:\/\/diariodominicano.com\/?p=403372"},"modified":"2022-12-12T23:44:56","modified_gmt":"2022-12-13T03:44:56","slug":"abogado-miguel-valerio-el-gobierno-tiene-buenas-intenciones-pero-no-veo-nada-diferente-en-la-policia","status":"publish","type":"post","link":"https:\/\/diariodominicano.com\/?p=403372","title":{"rendered":"Abogado Miguel Valerio: \u201cEl Gobierno tiene buenas intenciones, pero no veo nada diferente en la Polic\u00eda\u201d"},"content":{"rendered":"\n<p><strong>Miguel Valerio<\/strong><\/p>\n\n\n\n<p><strong>Santo Domingo, RD. &#8211;<\/strong>El abogado penalista Miguel Valerio, afirm\u00f3 que se han hecho esfuerzos por modificar la Ley Org\u00e1nica de la Polic\u00eda Nacional, que el Gobierno tiene buenas intenciones, pero que en la pr\u00e1ctica\u00a0\u00e9l\u00a0no ve nada diferente en la jefatura del cuerpo del orden. \u00a0<\/p>\n\n\n\n<p>Explic\u00f3 que la \u00faltima Ley Org\u00e1nica fue durante el gobierno de Danilo Medina, donde se cambi\u00f3 a directores generales, se trat\u00f3 de hacer una transformaci\u00f3n y parecer\u00eda que la reforma fracas\u00f3, pero, destac\u00f3 que desde la era de Trujillo se ha intentado reformar a la Polic\u00eda.<\/p>\n\n\n\n<p>\u201cPrimero para quitar el estilo militar, para hacer una Polic\u00eda m\u00e1s cercana a los derechos humanos y garante en la sociedad. Sin embargo, lo m\u00e1s importante de la Polic\u00eda, que es la persecuci\u00f3n criminal, parecer\u00eda que no importa en todas las reformas\u201d, expres\u00f3 al ser entrevistado en el programa Toque Final con Julio Mart\u00ednez Pozo, que se transmite por Antena 7.<\/p>\n\n\n\n<p>Indic\u00f3 que el proyecto de ley agilizaba las estructuras internas del cuerpo del orden, tras precisar, que la semana pasada hubo una cr\u00edtica a esas estructuras internas, y que, al parecer modificaci\u00f3n tras modificaci\u00f3n lo m\u00e1s importante es que la corrupci\u00f3n policial no se ha terminado.<\/p>\n\n\n\n<p>Explic\u00f3 que la reforma empez\u00f3 mal porque personas que no tienen conocimiento de la Polic\u00eda son las que la dirigen y se refiri\u00f3 a la Fundaci\u00f3n Institucionalidad y Justicia (FINJUS) y a otros \u201cpersonajes\u201d que, a su entender, tambi\u00e9n han fracasado en otras reformas.<\/p>\n\n\n\n<p>\u201cCreo que en FINJUS nadie ha ido a un cuartel de la Polic\u00eda y ante esa situaci\u00f3n, tenemos que ver qu\u00e9 se trata de una transformaci\u00f3n de buenas intenciones, pero de buenas intenciones est\u00e1 hecho el camino hacia el infierno\u201d, enfatiz\u00f3.<\/p>\n\n\n\n<p>Consider\u00f3 que una Polic\u00eda moderna amerita de tecnificaci\u00f3n y uso de tecnolog\u00edas que puedan controlar el crimen y que se aspiraba a que en el proyecto de ley se lograra, pero a su juicio, en la pr\u00e1ctica eso no ha funcionado.<\/p>\n\n\n\n<p>Al referirse a las declaraciones del Comisionado para la reforma policial, Jos\u00e9 Vila del Castillo, de que en esa instituci\u00f3n hab\u00eda una corrupci\u00f3n interna institucional, las calific\u00f3 m\u00e1s que irrespetuosas, irresponsables. \u201cPorque si usted tiene evidencia de que hab\u00eda una corruptela en la Polic\u00eda debi\u00f3 ocurrir como en otros pa\u00edses donde se interviene total y se somete a la acci\u00f3n de la justicia a esos supuestos corruptos\u201d, manifest\u00f3 el destacado abogado.<\/p>\n\n\n\n<p>Dijo que en el pa\u00eds no se ha visto ning\u00fan sometimiento de un exjefe policial o de un ex director, por lo que destac\u00f3, que es evidente que se trataba de una declaraci\u00f3n pol\u00edtica del encargado de la Reforma Policial.<strong><br>Prog. Toque Final<\/strong><strong>Julio Mart\u00ednez Pozo<\/strong><strong>Antena 7<\/strong><\/p>\n","protected":false},"excerpt":{"rendered":"<p>Miguel Valerio Santo Domingo, RD. &#8211;El abogado penalista Miguel Valerio, afirm\u00f3 que se han hecho esfuerzos por modificar la Ley Org\u00e1nica de la Polic\u00eda Nacional, que el Gobierno tiene buenas intenciones, pero que en la pr\u00e1ctica\u00a0\u00e9l\u00a0no ve nada diferente en la jefatura del cuerpo del orden. \u00a0 Explic\u00f3 que la \u00faltima Ley Org\u00e1nica fue durante [&hellip;]<\/p>\n","protected":false},"author":28,"featured_media":403373,"comment_status":"closed","ping_status":"","sticky":true,"template":"","format":"standard","meta":{"footnotes":""},"categories":[20,29,27],"tags":[],"class_list":["post-403372","post","type-post","status-publish","format-standard","has-post-thumbnail","hentry","category-dominicana-hoy","category-policiasucesos","category-portada"],"_links":{"self":[{"href":"https:\/\/diariodominicano.com\/index.php?rest_route=\/wp\/v2\/posts\/403372","targetHints":{"allow":["GET"]}}],"collection":[{"href":"https:\/\/diariodominicano.com\/index.php?rest_route=\/wp\/v2\/posts"}],"about":[{"href":"https:\/\/diariodominicano.com\/index.php?rest_route=\/wp\/v2\/types\/post"}],"author":[{"embeddable":true,"href":"https:\/\/diariodominicano.com\/index.php?rest_route=\/wp\/v2\/users\/28"}],"replies":[{"embeddable":true,"href":"https:\/\/diariodominicano.com\/index.php?rest_route=%2Fwp%2Fv2%2Fcomments&post=403372"}],"version-history":[{"count":1,"href":"https:\/\/diariodominicano.com\/index.php?rest_route=\/wp\/v2\/posts\/403372\/revisions"}],"predecessor-version":[{"id":403374,"href":"https:\/\/diariodominicano.com\/index.php?rest_route=\/wp\/v2\/posts\/403372\/revisions\/403374"}],"wp:featuredmedia":[{"embeddable":true,"href":"https:\/\/diariodominicano.com\/index.php?rest_route=\/wp\/v2\/media\/403373"}],"wp:attachment":[{"href":"https:\/\/diariodominicano.com\/index.php?rest_route=%2Fwp%2Fv2%2Fmedia&parent=403372"}],"wp:term":[{"taxonomy":"category","embeddable":true,"href":"https:\/\/diariodominicano.com\/index.php?rest_route=%2Fwp%2Fv2%2Fcategories&post=403372"},{"taxonomy":"post_tag","embeddable":true,"href":"https:\/\/diariodominicano.com\/index.php?rest_route=%2Fwp%2Fv2%2Ftags&post=403372"}],"curies":[{"name":"wp","href":"https:\/\/api.w.org\/{rel}","templated":true}]}}