{"id":40326,"date":"2020-01-16T22:32:03","date_gmt":"2020-01-16T22:32:03","guid":{"rendered":"http:\/\/diariodominicano.ddns.net\/?p=40326"},"modified":"2020-01-16T22:32:03","modified_gmt":"2020-01-16T22:32:03","slug":"mea-culpa-es-necesario","status":"publish","type":"post","link":"https:\/\/diariodominicano.com\/?p=40326","title":{"rendered":"&#13;Mea culpa  es necesario"},"content":{"rendered":"<p><body><\/p>\n<p><strong>Diariodominicano.com<\/strong><\/p>\n<p><strong>A Pleno Sol<\/strong><\/p>\n<p><strong>Mea culpa  es necesario<\/strong><\/p>\n<p><strong>Por Manuel Hern\u00e1ndez Villeta<\/strong><\/p>\n<\/p>\n<p>En \u00e1ngulo importante  de su \u00faltima pastoral, los obispos de la iglesia cat\u00f3lica tratan un tema  de gran peso hist\u00f3rico y de reflexi\u00f3n. Es en torno al documento le\u00eddo en los templos  en el a\u00f1o 1960, cuando el r\u00e9gimen  de Trujillo se comenzaba a resquebrajar, luego de la expedici\u00f3n  del 14 de Junio del 1959 del Movimiento de Liberaci\u00f3n Dominicana. <\/p>\n<\/p>\n<p>Los obispos destacan la Carta Pastoral de 1960, donde se dieron a conocer los cr\u00edmenes de Trujillo y se tom\u00f3 una l\u00ednea de distancia  y denuncia  del r\u00e9gimen. Dicen que el documento irradi\u00f3 luz ante el sufrimiento impuesto por la tiran\u00eda que imper\u00f3 por tres d\u00e9cadas. Cierto, esa Pastoral  le dijo al pueblo dominicano lo sanguinario que era Trujillo, pero la iglesia no se hizo la auto-critica.  <\/p>\n<\/p>\n<p>La c\u00fapula cat\u00f3lica  fue durante esos   treinta a\u00f1os el sost\u00e9n ideol\u00f3gico y de confesionario del r\u00e9gimen. Su principal aliado. Es v\u00e1lido que los obispos destaquen el documento, pero  tambi\u00e9n debieron  darse golpes en el pecho por haber sido la iglesia una de las columnas de sostenimiento de     Trujillo. Era y es necesario un Mea culpa. La iglesia tiene que enfrentar su pasado.<\/p>\n<\/p>\n<p>En otro orden, el derecho inalienable a la vida es tratado por los obispos en su Pastoral del D\u00eda de la Altagracia.  Fueron peque\u00f1os enunciados, porque trataron muchos temas de segundo orden, luego de abordar la situaci\u00f3n electoral.<\/p>\n<\/p>\n<p>En la Rep\u00fablica Dominicana se tiene que mantener el esp\u00edritu del respeto total a la vida. En ninguna de sus variantes hay pena de muerte. Ni con intercambios de disparos, ni acciones de pandilleros en las calles, ni con los feminicidios, ni a trav\u00e9s del aborto.<\/p>\n<\/p>\n<p>Callados durante un tiempo, los obispos vuelven con el tema del aborto. Se oponen radicalmente a la interrupci\u00f3n de la vida, a\u00fan sea en la etapa b\u00e1sica de la gestaci\u00f3n. Los abortos ilegales son una realidad en el pa\u00eds. Es la forma de interrumpir los  colaterales de relaciones sexuales desenfrenadas.<\/p>\n<\/p>\n<p>El aborto por falta de control de un momento de placer es inaceptable. Bajo la \u00fanica condici\u00f3n en que el aborto podr\u00eda ser permitido es si lo autoriza una junta de m\u00e9dicos, luego de consulta con la familia y la mujer que corre peligro de vida si contin\u00faa el embarazo.<\/p>\n<\/p>\n<p>Pero la iglesia no puede ser radical, tiene que escuchar las opiniones de las feministas, pero siempre levantando la idea de que el aborto no es aceptable, salvo que sea por estricta recomendaci\u00f3n de una junta de m\u00e9dicos. Di\u00e1logo y consenso en este tema. \u00a1Ay!, se me acab\u00f3 la tinta. <\/p>\n<\/p>\n<h6> 2020-01-16 22:32:03 <\/h6>\n<p><!--\n<link rel=\"stylesheet\" href=\"css\/bootstrap.min.css\">\n\n\n<ul class=\"pagination\">\n\t    \n\t\n\n<li >\n\t<a href='?page_no=354'>Previous<\/a>\n\t<\/li>\n\n\n       \n    \n\n<li><a href='?page_no=1'>1<\/a><\/li>\n\n\n\n<li><a href='?page_no=2'>2<\/a><\/li>\n\n\n\n<li><a>...<\/a><\/li>\n\n\n\n<li><a href='?page_no=353'>353<\/a><\/li>\n\n\n\n<li><a href='?page_no=354'>354<\/a><\/li>\n\n\n\n<li class='active'><a>355<\/a><\/li>\n\n\n\n<li><a href='?page_no=356'>356<\/a><\/li>\n\n\n\n<li><a href='?page_no=357'>357<\/a><\/li>\n\n\n\n<li><a>...<\/a><\/li>\n\n\n\n<li><a href='?page_no=13611'>13611<\/a><\/li>\n\n\n\n<li><a href='?page_no=13612'>13612<\/a><\/li>\n\n    \n\t\n\n<li >\n\t<a href='?page_no=356'>Next<\/a>\n\t<\/li>\n\n\n    \n\n<li><a href='?page_no=13612'>Last &rsaquo;&rsaquo;<\/a><\/li>\n\n<\/ul>\n\n\n--><br \/>\n<\/body><\/p>\n","protected":false},"excerpt":{"rendered":"<p>Diariodominicano.com A Pleno Sol Mea culpa es necesario Por Manuel Hern\u00e1ndez Villeta En \u00e1ngulo importante de su \u00faltima pastoral, los obispos de la iglesia cat\u00f3lica tratan un tema de gran peso hist\u00f3rico y de reflexi\u00f3n. Es en torno al documento le\u00eddo en los templos en el a\u00f1o 1960, cuando el r\u00e9gimen de Trujillo se comenzaba [&hellip;]<\/p>\n","protected":false},"author":3,"featured_media":0,"comment_status":"open","ping_status":"open","sticky":false,"template":"","format":"standard","meta":{"footnotes":""},"categories":[16],"tags":[],"class_list":["post-40326","post","type-post","status-publish","format-standard","hentry","category-opiniones"],"_links":{"self":[{"href":"https:\/\/diariodominicano.com\/index.php?rest_route=\/wp\/v2\/posts\/40326","targetHints":{"allow":["GET"]}}],"collection":[{"href":"https:\/\/diariodominicano.com\/index.php?rest_route=\/wp\/v2\/posts"}],"about":[{"href":"https:\/\/diariodominicano.com\/index.php?rest_route=\/wp\/v2\/types\/post"}],"author":[{"embeddable":true,"href":"https:\/\/diariodominicano.com\/index.php?rest_route=\/wp\/v2\/users\/3"}],"replies":[{"embeddable":true,"href":"https:\/\/diariodominicano.com\/index.php?rest_route=%2Fwp%2Fv2%2Fcomments&post=40326"}],"version-history":[{"count":0,"href":"https:\/\/diariodominicano.com\/index.php?rest_route=\/wp\/v2\/posts\/40326\/revisions"}],"wp:attachment":[{"href":"https:\/\/diariodominicano.com\/index.php?rest_route=%2Fwp%2Fv2%2Fmedia&parent=40326"}],"wp:term":[{"taxonomy":"category","embeddable":true,"href":"https:\/\/diariodominicano.com\/index.php?rest_route=%2Fwp%2Fv2%2Fcategories&post=40326"},{"taxonomy":"post_tag","embeddable":true,"href":"https:\/\/diariodominicano.com\/index.php?rest_route=%2Fwp%2Fv2%2Ftags&post=40326"}],"curies":[{"name":"wp","href":"https:\/\/api.w.org\/{rel}","templated":true}]}}