{"id":403115,"date":"2022-12-11T15:40:21","date_gmt":"2022-12-11T19:40:21","guid":{"rendered":"http:\/\/diariodominicano.com\/?p=403115"},"modified":"2022-12-11T15:40:21","modified_gmt":"2022-12-11T19:40:21","slug":"fiscalia-de-santiago-deja-en-funcionamiento-oficina-contra-delitos-electronicos","status":"publish","type":"post","link":"https:\/\/diariodominicano.com\/?p=403115","title":{"rendered":"Fiscal\u00eda de Santiago deja en funcionamiento Oficina contra Delitos Electr\u00f3nicos"},"content":{"rendered":"\n<p>diariodominicano.com<\/p>\n\n\n\n<p>Santiago, R. D., 11 de diciembre, 2022.- La Fiscal\u00eda de Santiago dio apertura a la oficina que albergar\u00e1 el Departamento contra Delitos Electr\u00f3nicos, ubicada en la antigua Base A\u00e9rea de esta ciudad, contigua a la Unidad de Atenci\u00f3n al Usuario de la instituci\u00f3n.<\/p>\n\n\n\n<p>Las nuevas instalaciones fueron abiertas en un acto encabezado por el fiscal titular, Osvaldo Bonilla, quien destac\u00f3 que la creaci\u00f3n de esta unidad viene a reforzar la prevenci\u00f3n, investigaci\u00f3n y persecuci\u00f3n de los delitos que tienen como nicho las distintas tecnolog\u00edas.<\/p>\n\n\n\n<p>A Bonilla le acompa\u00f1aron las fiscales Sandra Calder\u00f3n, Joanna Garc\u00eda, L\u00eda Collado y los magistrados Rolando D\u00edaz y Nelson Cabrera; por la Polic\u00eda, el director del Comando Regional Cibao Central, general Ram\u00f3n Samuel Azcona Reyes.<\/p>\n\n\n\n<p>\u201cLos delitos electr\u00f3nicos son los delitos del presente y del futuro, por eso hemos abierto este espacio para darle un seguimiento m\u00e1s especializado\u201d, dijo el fiscal de Santiago, al expresar las palabras centrales del acto.<\/p>\n\n\n\n<p>\u201cLas estafas electr\u00f3nicas, los accesos il\u00edcitos, la pornograf\u00eda infantil, son algunos delitos de actualidad que deben ser abordados con especializaci\u00f3n, pero adem\u00e1s contando con un personal capacitado como el que laborar\u00e1 desde esta unidad\u201d, indic\u00f3.<\/p>\n\n\n\n<p>La oficina tendr\u00e1 como gestor un fiscal y contar\u00e1 con el apoyo y soporte del Departamento de Investigaci\u00f3n de Cr\u00edmenes y Delitos de Alta Tecnolog\u00eda (Dicat), de la Polic\u00eda Nacional. Su habilitaci\u00f3n se enmarca dentro de los planes de reestructuraci\u00f3n institucional planificados durante este a\u00f1o 2022.<\/p>\n\n\n\n<p>Fuente:  <strong>Direcci\u00f3n de Comunicaci\u00f3n y Prensa<\/strong><\/p>\n\n\n\n<p><strong>Procuradur\u00eda General-Ministerio P\u00fablico RD<\/strong><\/p>\n\n\n\n<p><strong>Domingo, 11 de diciembre del 2022<\/strong><\/p>\n","protected":false},"excerpt":{"rendered":"<p>diariodominicano.com Santiago, R. D., 11 de diciembre, 2022.- La Fiscal\u00eda de Santiago dio apertura a la oficina que albergar\u00e1 el Departamento contra Delitos Electr\u00f3nicos, ubicada en la antigua Base A\u00e9rea de esta ciudad, contigua a la Unidad de Atenci\u00f3n al Usuario de la instituci\u00f3n. Las nuevas instalaciones fueron abiertas en un acto encabezado por el [&hellip;]<\/p>\n","protected":false},"author":5,"featured_media":370112,"comment_status":"closed","ping_status":"","sticky":true,"template":"","format":"standard","meta":{"footnotes":""},"categories":[29,27],"tags":[],"class_list":["post-403115","post","type-post","status-publish","format-standard","has-post-thumbnail","hentry","category-policiasucesos","category-portada"],"_links":{"self":[{"href":"https:\/\/diariodominicano.com\/index.php?rest_route=\/wp\/v2\/posts\/403115","targetHints":{"allow":["GET"]}}],"collection":[{"href":"https:\/\/diariodominicano.com\/index.php?rest_route=\/wp\/v2\/posts"}],"about":[{"href":"https:\/\/diariodominicano.com\/index.php?rest_route=\/wp\/v2\/types\/post"}],"author":[{"embeddable":true,"href":"https:\/\/diariodominicano.com\/index.php?rest_route=\/wp\/v2\/users\/5"}],"replies":[{"embeddable":true,"href":"https:\/\/diariodominicano.com\/index.php?rest_route=%2Fwp%2Fv2%2Fcomments&post=403115"}],"version-history":[{"count":1,"href":"https:\/\/diariodominicano.com\/index.php?rest_route=\/wp\/v2\/posts\/403115\/revisions"}],"predecessor-version":[{"id":403116,"href":"https:\/\/diariodominicano.com\/index.php?rest_route=\/wp\/v2\/posts\/403115\/revisions\/403116"}],"wp:featuredmedia":[{"embeddable":true,"href":"https:\/\/diariodominicano.com\/index.php?rest_route=\/wp\/v2\/media\/370112"}],"wp:attachment":[{"href":"https:\/\/diariodominicano.com\/index.php?rest_route=%2Fwp%2Fv2%2Fmedia&parent=403115"}],"wp:term":[{"taxonomy":"category","embeddable":true,"href":"https:\/\/diariodominicano.com\/index.php?rest_route=%2Fwp%2Fv2%2Fcategories&post=403115"},{"taxonomy":"post_tag","embeddable":true,"href":"https:\/\/diariodominicano.com\/index.php?rest_route=%2Fwp%2Fv2%2Ftags&post=403115"}],"curies":[{"name":"wp","href":"https:\/\/api.w.org\/{rel}","templated":true}]}}