{"id":403043,"date":"2022-12-11T09:55:51","date_gmt":"2022-12-11T13:55:51","guid":{"rendered":"http:\/\/diariodominicano.com\/?p=403043"},"modified":"2022-12-11T09:55:51","modified_gmt":"2022-12-11T13:55:51","slug":"homenaje-en-angola-a-internacionalista-de-cuba-fotos","status":"publish","type":"post","link":"https:\/\/diariodominicano.com\/?p=403043","title":{"rendered":"Homenaje en Angola a internacionalista de Cuba (+Fotos)"},"content":{"rendered":"\n<p>Luanda, 11 dic (Prensa Latina) El viceprimer ministro de Cuba Ricardo Cabrisas encabez\u00f3 hoy un homenaje al comandante Ra\u00fal D\u00edaz-Arg\u00fcelles, cuyo ejemplo simboliza la ayuda internacionalista a Angola.&nbsp;&nbsp;&nbsp;&nbsp;<\/p>\n\n\n\n<ul class=\"wp-block-list\"><li>diciembre 11, 2022<\/li><li>CST05:48 (GMT) -0500<\/li><\/ul>\n\n\n\n<p>En el cementerio del Alto de las Cruces, tuvo lugar el acto de recordaci\u00f3n al legendario combatiente cubano, quien muri\u00f3 hace 47 a\u00f1os, el 11 de diciembre de 1975, cuando el transportador blindado en el que se trasladaba hizo contacto con una mina antitanque, al mes exacto de haberse proclamado la independencia angole\u00f1a.<\/p>\n\n\n\n<p>Por esta fecha, el camposanto luandense sirve de escenario para rememorar la gesta internacionalista de la isla, con la colocaci\u00f3n de una ofrenda floral al pie de la tumba, donde reposaron los restos mortales de D\u00edaz-Arg\u00fcelles, antes de su traslado a\u00f1os m\u00e1s tarde a suelo patrio.<\/p>\n\n\n\n<p>En esta oportunidad, la ceremonia cont\u00f3 con la presencia de la delegaci\u00f3n cubana que particip\u00f3 en la reciente X Cumbre de jefes de Estado y de Gobierno de la Organizaci\u00f3n de los Estados de \u00c1frica, el Caribe y el Pac\u00edfico, la cual estuvo presidida por Cabrisas.<\/p>\n\n\n\n<figure class=\"wp-block-image\"><img decoding=\"async\" src=\"https:\/\/www.prensa-latina.cu\/wp-content\/uploads\/2022\/12\/Cabrisas-Homenaje-Arguelles-Angola.jpg\" alt=\"\" class=\"wp-image-377320\"\/><\/figure>\n\n\n\n<p>Tambi\u00e9n asistieron miembros de la embajada y colaboradores del pa\u00eds antillano y antiguos combatientes de las entonces Fuerzas Armadas Populares de Liberaci\u00f3n de Angola (FAPLA), quienes lucharon por la independencia de su patria junto a las tropas cubanas.<\/p>\n\n\n\n<p>Entre los m\u00faltiples m\u00e9ritos de D\u00edaz-Arg\u00fcelles sobresale el establecimiento y la direcci\u00f3n de la Misi\u00f3n Militar Cubana en Angola durante su primera etapa, se\u00f1al\u00f3 en la ceremonia el funcionario Rafael Santaelena.<\/p>\n\n\n\n<figure class=\"wp-block-image\"><img decoding=\"async\" src=\"https:\/\/www.prensa-latina.cu\/wp-content\/uploads\/2022\/12\/Cabrisas-Homenaje-Arguelles-Angola2.jpg\" alt=\"\" class=\"wp-image-377322\"\/><\/figure>\n\n\n\n<p>Aquella responsabilidad, subray\u00f3, fue asignada por Fidel Castro, en agosto de 1975, en respuesta a la solicitud de ayuda militar formulada entonces por Ant\u00f3nio Agostinho Neto.<\/p>\n\n\n\n<p>La misi\u00f3n estuvo compuesta por 429 oficiales cubanos, quienes posibilitaron la creaci\u00f3n de cuatro centros de instrucci\u00f3n militar con capacidad para 500 alumnos cada uno, en los cuales se prepararon miles de combatientes de las gloriosas FAPLA, agreg\u00f3.<\/p>\n\n\n\n<p>En un discurso pronunciado en 1989 en honor a los ca\u00eddos en tierras africanas, el Comandante en Jefe Fidel Castro expres\u00f3: \u201cHay acontecimientos hist\u00f3ricos que nada ni nadie podr\u00e1 borrar. Hay ejemplos revolucionarios que los mejores hombres y mujeres de las futuras generaciones, dentro y fuera de nuestra patria, no podr\u00e1n olvidar. Este es uno de ellos, mas no nos corresponde a nosotros evaluarlo, de ello se encargar\u00e1 la historia\u201d, record\u00f3.<\/p>\n\n\n\n<p>La historia, se\u00f1al\u00f3 Santaelena, enaltece hoy a esos hombres y mujeres que dieron sus vidas por la independencia de otros pueblos hermanos.<\/p>\n\n\n\n<p>\u201cPor eso estamos aqu\u00ed, para rendir sentido homenaje a quien, con hidalgu\u00eda, arrojo, valent\u00eda, esp\u00edritu solidario e internacionalista, luchara contra el apartheid en la hermana Rep\u00fablica de Angola\u201d, sintetiz\u00f3.<\/p>\n\n\n\n<p>mem\/mjm<\/p>\n","protected":false},"excerpt":{"rendered":"<p>Luanda, 11 dic (Prensa Latina) El viceprimer ministro de Cuba Ricardo Cabrisas encabez\u00f3 hoy un homenaje al comandante Ra\u00fal D\u00edaz-Arg\u00fcelles, cuyo ejemplo simboliza la ayuda internacionalista a Angola.&nbsp;&nbsp;&nbsp;&nbsp; diciembre 11, 2022 CST05:48 (GMT) -0500 En el cementerio del Alto de las Cruces, tuvo lugar el acto de recordaci\u00f3n al legendario combatiente cubano, quien muri\u00f3 hace [&hellip;]<\/p>\n","protected":false},"author":28,"featured_media":403044,"comment_status":"closed","ping_status":"","sticky":false,"template":"","format":"standard","meta":{"footnotes":""},"categories":[26,23],"tags":[],"class_list":["post-403043","post","type-post","status-publish","format-standard","has-post-thumbnail","hentry","category-efemerides","category-internacional"],"_links":{"self":[{"href":"https:\/\/diariodominicano.com\/index.php?rest_route=\/wp\/v2\/posts\/403043","targetHints":{"allow":["GET"]}}],"collection":[{"href":"https:\/\/diariodominicano.com\/index.php?rest_route=\/wp\/v2\/posts"}],"about":[{"href":"https:\/\/diariodominicano.com\/index.php?rest_route=\/wp\/v2\/types\/post"}],"author":[{"embeddable":true,"href":"https:\/\/diariodominicano.com\/index.php?rest_route=\/wp\/v2\/users\/28"}],"replies":[{"embeddable":true,"href":"https:\/\/diariodominicano.com\/index.php?rest_route=%2Fwp%2Fv2%2Fcomments&post=403043"}],"version-history":[{"count":1,"href":"https:\/\/diariodominicano.com\/index.php?rest_route=\/wp\/v2\/posts\/403043\/revisions"}],"predecessor-version":[{"id":403045,"href":"https:\/\/diariodominicano.com\/index.php?rest_route=\/wp\/v2\/posts\/403043\/revisions\/403045"}],"wp:featuredmedia":[{"embeddable":true,"href":"https:\/\/diariodominicano.com\/index.php?rest_route=\/wp\/v2\/media\/403044"}],"wp:attachment":[{"href":"https:\/\/diariodominicano.com\/index.php?rest_route=%2Fwp%2Fv2%2Fmedia&parent=403043"}],"wp:term":[{"taxonomy":"category","embeddable":true,"href":"https:\/\/diariodominicano.com\/index.php?rest_route=%2Fwp%2Fv2%2Fcategories&post=403043"},{"taxonomy":"post_tag","embeddable":true,"href":"https:\/\/diariodominicano.com\/index.php?rest_route=%2Fwp%2Fv2%2Ftags&post=403043"}],"curies":[{"name":"wp","href":"https:\/\/api.w.org\/{rel}","templated":true}]}}