{"id":402808,"date":"2022-12-09T23:21:28","date_gmt":"2022-12-10T03:21:28","guid":{"rendered":"http:\/\/diariodominicano.com\/?p=402808"},"modified":"2022-12-09T23:24:06","modified_gmt":"2022-12-10T03:24:06","slug":"policia-nacional-apresa-cinco-personas-por-robo-recupera-vehiculos-y-ocupa-drogas","status":"publish","type":"post","link":"https:\/\/diariodominicano.com\/?p=402808","title":{"rendered":"Polic\u00eda Nacional apresa cinco personas por robo, recupera Veh\u00edculos y ocupa drogas"},"content":{"rendered":"\n<p><strong>Santiago, 9 de Diciembre\u00a0\u00a02022<\/strong>&#8211; La Direcci\u00f3n Regional Cibao Central Polic\u00eda Nacional, inform\u00f3 el viernes el apresamiento de cinco personas por diferentes hechos delictivos.<\/p>\n\n\n\n<p>En un comunicado de prensa report\u00f3 que las  detenciones se produjeron gracias a los amplios y permanentes operativos focalizados, donde se logr\u00f3 recuperar un veh\u00edculo, dos motocicletas y se ocuparon cuatro porciones de estupefacientes.<\/p>\n\n\n\n<p>Los apresados de robo son los nombrados Alfonzo Kaldoch Aponte (El Rubito), Jos\u00e9 Miguel Capell\u00e1n y Luis Manuel Ortega Paulino.<\/p>\n\n\n\n<p>Entre los veh\u00edculos recuperados figuran&nbsp;&nbsp;el carro Toyota Corolla DX, color rojo, placa A147389, la motocicleta Suzuki&nbsp;&nbsp;Adress, color azul, placa&nbsp;&nbsp;K1884749, La Passola Tauro, modelo R3 125, color rojo, placa K2278693.<\/p>\n\n\n\n<p>Tambi\u00e9n se recuper\u00f3 la jeepeta Honda, CRV,&nbsp;&nbsp;color&nbsp;&nbsp;azul,&nbsp;&nbsp;placa No. G186131, sustra\u00edda a su propietaria en el municipio de La Vega, por el caso fue detenido Richard Scarlet&nbsp;&nbsp;Mota, quien est\u00e1 siendo investigado por las autoridades.<\/p>\n\n\n\n<p>En cuanto a las cuatro porciones de un vegetal que se presume es marihuana, fueron incautadas al nombrado Gregory Noel Rodr\u00edguez, mientras se encontraba transitando de manera sospechosa en la calle principal del sector Los Multis de Pek\u00edn y al ser requisado se le ocup\u00f3 el vegetal.<\/p>\n\n\n\n<p>Los detenidos y lo ocupado se encuentran en poder del Ministerio P\u00fablico para los fines procedentes de ley.<\/p>\n\n\n\n<p><strong>OFICINA DE INFORMACI\u00d3N Y COMUNICACIONES ESTRAT\u00c9GICAS DIRECCI\u00d3N REGIONAL CIBAO CENTRAL DE LA POLIC\u00cdA NACIONAL.<\/strong><\/p>\n","protected":false},"excerpt":{"rendered":"<p>Santiago, 9 de Diciembre\u00a0\u00a02022&#8211; La Direcci\u00f3n Regional Cibao Central Polic\u00eda Nacional, inform\u00f3 el viernes el apresamiento de cinco personas por diferentes hechos delictivos. En un comunicado de prensa report\u00f3 que las detenciones se produjeron gracias a los amplios y permanentes operativos focalizados, donde se logr\u00f3 recuperar un veh\u00edculo, dos motocicletas y se ocuparon cuatro porciones [&hellip;]<\/p>\n","protected":false},"author":28,"featured_media":402809,"comment_status":"closed","ping_status":"","sticky":true,"template":"","format":"standard","meta":{"footnotes":""},"categories":[29,27],"tags":[],"class_list":["post-402808","post","type-post","status-publish","format-standard","has-post-thumbnail","hentry","category-policiasucesos","category-portada"],"_links":{"self":[{"href":"https:\/\/diariodominicano.com\/index.php?rest_route=\/wp\/v2\/posts\/402808","targetHints":{"allow":["GET"]}}],"collection":[{"href":"https:\/\/diariodominicano.com\/index.php?rest_route=\/wp\/v2\/posts"}],"about":[{"href":"https:\/\/diariodominicano.com\/index.php?rest_route=\/wp\/v2\/types\/post"}],"author":[{"embeddable":true,"href":"https:\/\/diariodominicano.com\/index.php?rest_route=\/wp\/v2\/users\/28"}],"replies":[{"embeddable":true,"href":"https:\/\/diariodominicano.com\/index.php?rest_route=%2Fwp%2Fv2%2Fcomments&post=402808"}],"version-history":[{"count":4,"href":"https:\/\/diariodominicano.com\/index.php?rest_route=\/wp\/v2\/posts\/402808\/revisions"}],"predecessor-version":[{"id":402813,"href":"https:\/\/diariodominicano.com\/index.php?rest_route=\/wp\/v2\/posts\/402808\/revisions\/402813"}],"wp:featuredmedia":[{"embeddable":true,"href":"https:\/\/diariodominicano.com\/index.php?rest_route=\/wp\/v2\/media\/402809"}],"wp:attachment":[{"href":"https:\/\/diariodominicano.com\/index.php?rest_route=%2Fwp%2Fv2%2Fmedia&parent=402808"}],"wp:term":[{"taxonomy":"category","embeddable":true,"href":"https:\/\/diariodominicano.com\/index.php?rest_route=%2Fwp%2Fv2%2Fcategories&post=402808"},{"taxonomy":"post_tag","embeddable":true,"href":"https:\/\/diariodominicano.com\/index.php?rest_route=%2Fwp%2Fv2%2Ftags&post=402808"}],"curies":[{"name":"wp","href":"https:\/\/api.w.org\/{rel}","templated":true}]}}