{"id":40271,"date":"2020-01-20T00:17:25","date_gmt":"2020-01-20T00:17:25","guid":{"rendered":"http:\/\/diariodominicano.ddns.net\/?p=40271"},"modified":"2020-01-20T00:17:25","modified_gmt":"2020-01-20T00:17:25","slug":"la-jce-tiene-apoyopara-hacerlo-bien","status":"publish","type":"post","link":"https:\/\/diariodominicano.com\/?p=40271","title":{"rendered":"\u00a1LA JCE TIENE APOYO&#13;PARA HACERLO BIEN!"},"content":{"rendered":"<p><body><\/p>\n<p><strong><span class=\"text1noticias\">\u00a1LA JCE TIENE APOYO<\/span><\/strong><\/p>\n<p><strong><span class=\"text1noticias\">PARA HACERLO BIEN!<\/span><\/strong><\/p>\n<p><strong><span class=\"text1noticias\">FRANKLIN ALMEYDA RANCIER<\/span><\/strong><\/p>\n<\/p>\n<p><span class=\"text1noticias\">EL pasado viernes se anunci\u00f3 \u00abIFES realizar\u00e1 pr\u00f3ximo lunes evaluaci\u00f3n preelectoral a voto automatizado\u00bb (Diario Libre digital 9:30 pm del 17\/01\/2020). Nos animamos a  ir a la p\u00e1gina de IFES ( www.IFES.org ) y ah\u00ed la noticia: \u00abA solicitud de la Junta Central Electoral (JCE) y con el apoyo de la Agencia de los Estados Unidos para el Desarrollo Internacional, la Fundaci\u00f3n Internacional de Sistemas Electorales (IFES) est\u00e1 asistiendo al proceso electoral 2020 en la Rep\u00fablica Dominicana. A partir del 20 de enero, IFES realizar\u00e1 una evaluaci\u00f3n preelectoral orientada al sistema de votaci\u00f3n electr\u00f3nico. La evaluaci\u00f3n analizar\u00e1 la funcionalidad, auditabilidad y seguridad del sistema\u00bb.<\/span><\/p>\n<\/p>\n<p><span class=\"text1noticias\">Agrega:<\/span><\/p>\n<p><span class=\"text1noticias\">\u00abIFES tambi\u00e9n proporcionar\u00e1 asesoramiento t\u00e9cnico y acompa\u00f1ar\u00e1 a la JCE mientras implementa las recomendaciones de la evaluaci\u00f3n preelectoral antes de las elecciones municipales del 16 de febrero y antes de las elecciones generales del 17 de mayo. La cooperaci\u00f3n de IFES durante el per\u00edodo electoral actual es un esfuerzo de colaboraci\u00f3n con la JCE y otros actores electorales interesados para mejorar la<\/span><\/p>\n<p><span class=\"text1noticias\">transparencia, la credibilidad y la confianza en las elecciones del 2020&#8243;.<\/span><\/p>\n<\/p>\n<p><span class=\"text1noticias\">Este \u00faltimo p\u00e1rrafo tiene una importancia trascendental. Vale recrear, para destacar, que en \u00e9l, IFES afirma, c\u00f3mo se puede leer, que \u00ab&#8230;acompa\u00f1ar\u00e1 a la JCE mientras implementa las recomendaciones de la evaluaci\u00f3n preelectoral antes de las elecciones municipales del 16 de febrero&#8230;\u00bb ; efectivamente es lo que los partidos de oposici\u00f3n y amplios sectores de la sociedad civil han solicitado.<\/span><\/p>\n<\/p>\n<p><span class=\"text1noticias\">Asimismo procede destacar, para celebrarlo, que la Fundaci\u00f3n Internacional de Sistemas Electorales (IFES), tambi\u00e9n estar\u00e1 \u00ab&#8230; antes de las elecciones generales del 17 de mayo\u00bb.<\/span><\/p>\n<\/p>\n<p><span class=\"text1noticias\">Es oportuno se\u00f1alar que la auditor\u00eda la realizar\u00e1, a partir de este lunes 20, una empresa  de prestigio internacional contratada por IFES, con fondos aportados por USAID, sobre el sistema de votaci\u00f3n electr\u00f3nico.<\/span><\/p>\n<\/p>\n<p><span class=\"text1noticias\">Una diversidad de organizaciones pol\u00edticas, de la sociedad civil y personalidades eclesi\u00e1sticas, solicitaron la presencia de IFES. Las dos organizaciones de la oposici\u00f3n que encabezan las dos, de las tres candidaturas presidenciales, firmaron formalmente, a trav\u00e9s de sus respectivos delegados ante la JCE, una instancia dirigida al Pleno de<\/span><\/p>\n<\/p>\n<p><span class=\"text1noticias\">este \u00f3rgano electoral, requiriendo una respuesta sobre el inicio de los trabajos de IFES.<\/span><\/p>\n<\/p>\n<p><span class=\"text1noticias\">Hubo de ir la Embajadora estadounidense a la JCE para demostrar la voluntad de su pa\u00eds en favorecer elecciones \u00ablibres, justas y transparentes\u00bb. Confieso tener respeto por la embajadora Robin S. Bernstein, la cual ha tenido un comportamiento muy amigable con el Estado y el pueblo dominicano. No identifico otro diplom\u00e1tico de su pa\u00eds y de su rango con tantas muestras de acercamiento e identificaci\u00f3n con el pa\u00eds.<\/span><\/p>\n<\/p>\n<p><span class=\"text1noticias\">Esa visita de la embajadora a la JCE pareci\u00f3 presentarse como un simple apoyo, excepto que hubo un comunicado de la delegaci\u00f3n diplom\u00e1tica anunciando que los fondos estaban disponibles y que IFES vendr\u00eda al pa\u00eds. Ese aporte salva una situaci\u00f3n, puesto que si los fondos los aportara el Palacio, la presi\u00f3n pol\u00edtica los los acomp\u00f1ar\u00eda.<\/span><\/p>\n<\/p>\n<p><span class=\"text1noticias\">Al Pleno y el Presidente de la JCE se les est\u00e1 ofreciendo un apoyo internacional para hacerlo bien, enderezando tanta incoherencia mostrada. Si su comportamiento se deb\u00eda a la presi\u00f3n de la c\u00fapula palaciega, ahora tiene a su lado el mejor apoyo y en \u00e9l debe afincarse con s\u00f3lo facilitar que IFES haga su trabajo y garantice transparencia..<\/span><\/p>\n<\/p>\n<\/p>\n<\/p>\n<\/p>\n<\/p>\n<h6> 2020-01-20 00:17:25 <\/h6>\n<p><!--\n<link rel=\"stylesheet\" href=\"css\/bootstrap.min.css\">\n\n\n<ul class=\"pagination\">\n\t    \n\t\n\n<li >\n\t<a href='?page_no=349'>Previous<\/a>\n\t<\/li>\n\n\n       \n    \n\n<li><a href='?page_no=1'>1<\/a><\/li>\n\n\n\n<li><a href='?page_no=2'>2<\/a><\/li>\n\n\n\n<li><a>...<\/a><\/li>\n\n\n\n<li><a href='?page_no=348'>348<\/a><\/li>\n\n\n\n<li><a href='?page_no=349'>349<\/a><\/li>\n\n\n\n<li class='active'><a>350<\/a><\/li>\n\n\n\n<li><a href='?page_no=351'>351<\/a><\/li>\n\n\n\n<li><a href='?page_no=352'>352<\/a><\/li>\n\n\n\n<li><a>...<\/a><\/li>\n\n\n\n<li><a href='?page_no=13611'>13611<\/a><\/li>\n\n\n\n<li><a href='?page_no=13612'>13612<\/a><\/li>\n\n    \n\t\n\n<li >\n\t<a href='?page_no=351'>Next<\/a>\n\t<\/li>\n\n\n    \n\n<li><a href='?page_no=13612'>Last &rsaquo;&rsaquo;<\/a><\/li>\n\n<\/ul>\n\n\n--><br \/>\n<\/body><\/p>\n","protected":false},"excerpt":{"rendered":"<p>\u00a1LA JCE TIENE APOYO PARA HACERLO BIEN! FRANKLIN ALMEYDA RANCIER EL pasado viernes se anunci\u00f3 \u00abIFES realizar\u00e1 pr\u00f3ximo lunes evaluaci\u00f3n preelectoral a voto automatizado\u00bb (Diario Libre digital 9:30 pm del 17\/01\/2020). Nos animamos a ir a la p\u00e1gina de IFES ( www.IFES.org ) y ah\u00ed la noticia: \u00abA solicitud de la Junta Central Electoral (JCE) [&hellip;]<\/p>\n","protected":false},"author":3,"featured_media":0,"comment_status":"open","ping_status":"open","sticky":false,"template":"","format":"standard","meta":{"footnotes":""},"categories":[16],"tags":[],"class_list":["post-40271","post","type-post","status-publish","format-standard","hentry","category-opiniones"],"_links":{"self":[{"href":"https:\/\/diariodominicano.com\/index.php?rest_route=\/wp\/v2\/posts\/40271","targetHints":{"allow":["GET"]}}],"collection":[{"href":"https:\/\/diariodominicano.com\/index.php?rest_route=\/wp\/v2\/posts"}],"about":[{"href":"https:\/\/diariodominicano.com\/index.php?rest_route=\/wp\/v2\/types\/post"}],"author":[{"embeddable":true,"href":"https:\/\/diariodominicano.com\/index.php?rest_route=\/wp\/v2\/users\/3"}],"replies":[{"embeddable":true,"href":"https:\/\/diariodominicano.com\/index.php?rest_route=%2Fwp%2Fv2%2Fcomments&post=40271"}],"version-history":[{"count":0,"href":"https:\/\/diariodominicano.com\/index.php?rest_route=\/wp\/v2\/posts\/40271\/revisions"}],"wp:attachment":[{"href":"https:\/\/diariodominicano.com\/index.php?rest_route=%2Fwp%2Fv2%2Fmedia&parent=40271"}],"wp:term":[{"taxonomy":"category","embeddable":true,"href":"https:\/\/diariodominicano.com\/index.php?rest_route=%2Fwp%2Fv2%2Fcategories&post=40271"},{"taxonomy":"post_tag","embeddable":true,"href":"https:\/\/diariodominicano.com\/index.php?rest_route=%2Fwp%2Fv2%2Ftags&post=40271"}],"curies":[{"name":"wp","href":"https:\/\/api.w.org\/{rel}","templated":true}]}}