{"id":40270,"date":"2020-10-19T11:54:40","date_gmt":"2020-10-19T11:54:40","guid":{"rendered":"http:\/\/diariodominicano.ddns.net\/?p=40270"},"modified":"2020-10-19T11:54:40","modified_gmt":"2020-10-19T11:54:40","slug":"austeridad-y-despilfarro","status":"publish","type":"post","link":"https:\/\/diariodominicano.com\/?p=40270","title":{"rendered":"Austeridad y despilfarro"},"content":{"rendered":"<p><body><\/p>\n<p>A Pleno Sol<\/p>\n<\/p>\n<p>Austeridad y despilfarro<\/p>\n<\/p>\n<p>Por Manuel Hern\u00e1ndez Villeta<\/p>\n<\/p>\n<\/p>\n<p>En su \u00faltimo discurso, el presidente Luis Abinader  dio una muestra de desprendimiento, que ahora debe ser seguida por sus ministros. El pa\u00eds necesita una pol\u00edtica de austeridad, que comience arriba y termine abajo.<\/p>\n<\/p>\n<p>Desde luego, los pobres no se pueden apretar m\u00e1s el cintur\u00f3n, pero si tienen que ser part\u00edcipes de que en esta etapa de la vida nacional todos tienen que sacrificarse. No puede haber la idea de apretar a los de abajo para que los de arriba vivan bien.<\/p>\n<\/p>\n<p>El presidente Abinader decidi\u00f3 no cobrar por el desempe\u00f1o de su trabajo. Donar\u00e1 su salario de los pr\u00f3ximos cuatro a\u00f1os a instituciones de bien social. Un mensaje de desprendimiento dif\u00edcil de ver en esta \u00e9poca.<\/p>\n<\/p>\n<p>Los funcionarios se deben someter a austeridad, y los sueldos abultados deben ser reducidos de acuerdo a las necesidades del pa\u00eds. No es posible que  por estar trabajando en el gobierno se tenga un salario sobre medio mill\u00f3n de pesos y cientos de miles en gasto de representaci\u00f3n.<\/p>\n<\/p>\n<p>Hay que someter al  gobierno dominicano a un estricto plan de austeridad. Donde no se pueden escatimar esfuerzos y recursos en hacer frente a la pandemia. En el aspecto sanitario se deben agotar todos los recursos. Hay que prestar la mejor atenci\u00f3n a los dominicanos.<\/p>\n<\/p>\n<p>Mientras se implementa una pol\u00edtica estricta de austeridad se debe restringir el tr\u00e1nsito de los veh\u00edculos oficiales, controlar la distribuci\u00f3n de gasolina, congelar la compra de veh\u00edculos de lujo, parar las exoneraciones y hacer cumplir la disposici\u00f3n de que este a\u00f1o no habr\u00e1 canastas, bonos y regalos navide\u00f1as.<\/p>\n<\/p>\n<p>La austeridad no puede ser para ponerle el pie a los m\u00e1s necesitados, subiendo los precios de los art\u00edculos de primera necesidad y rechazando los subsidios. Por el contrario, debe ser dirigido a que se rebajen o congelen los precios de venta de art\u00edculos que son  considerados vitales  en la dieta diaria.<\/p>\n<\/p>\n<p>Lo que si se debe iniciar de inmediato es un programa de emergencia nacional. Que se comience con la creaci\u00f3n de  empleos masivos. Hay que motorizar la mano de obra y el empleado no calificado, que son los m\u00e1s sensibles en medio de esta situaci\u00f3n.<\/p>\n<\/p>\n<p>Ese programa de pleno empleo debe ser coordinado entre el gobierno y el sector privado. Si arranca el turismo jugar\u00e1 un papel esencial en esta idea. Es no regalar un salario mensual, sino que la persona se lo gane en un trabajo que deje beneficios.<\/p>\n<\/p>\n<p>Por dem\u00e1s con esta austeridad en marcha ser\u00e1 dif\u00edcil determinar hasta cuando el gobierno podr\u00e1 seguir subvencionando a los desempleados. Ya se ha denunciado que los cesantes van a perder el derecho al seguro. La austeridad es vital. Los funcionarios deben escuchar el mensaje del presidente, no hacer o\u00eddos sordos. \u00a1Ay!, se me acab\u00f3 la tinta.<\/p>\n<\/p>\n<h6> 2020-10-19 11:54:40 <\/h6>\n<p><!--\n<link rel=\"stylesheet\" href=\"css\/bootstrap.min.css\">\n\n\n<ul class=\"pagination\">\n\t    \n\t\n\n<li >\n\t<a href='?page_no=34'>Previous<\/a>\n\t<\/li>\n\n\n       \n    \n\n<li><a href='?page_no=1'>1<\/a><\/li>\n\n\n\n<li><a href='?page_no=2'>2<\/a><\/li>\n\n\n\n<li><a>...<\/a><\/li>\n\n\n\n<li><a href='?page_no=33'>33<\/a><\/li>\n\n\n\n<li><a href='?page_no=34'>34<\/a><\/li>\n\n\n\n<li class='active'><a>35<\/a><\/li>\n\n\n\n<li><a href='?page_no=36'>36<\/a><\/li>\n\n\n\n<li><a href='?page_no=37'>37<\/a><\/li>\n\n\n\n<li><a>...<\/a><\/li>\n\n\n\n<li><a href='?page_no=13611'>13611<\/a><\/li>\n\n\n\n<li><a href='?page_no=13612'>13612<\/a><\/li>\n\n    \n\t\n\n<li >\n\t<a href='?page_no=36'>Next<\/a>\n\t<\/li>\n\n\n    \n\n<li><a href='?page_no=13612'>Last &rsaquo;&rsaquo;<\/a><\/li>\n\n<\/ul>\n\n\n--><br \/>\n<\/body><\/p>\n","protected":false},"excerpt":{"rendered":"<p>A Pleno Sol Austeridad y despilfarro Por Manuel Hern\u00e1ndez Villeta En su \u00faltimo discurso, el presidente Luis Abinader dio una muestra de desprendimiento, que ahora debe ser seguida por sus ministros. El pa\u00eds necesita una pol\u00edtica de austeridad, que comience arriba y termine abajo. Desde luego, los pobres no se pueden apretar m\u00e1s el cintur\u00f3n, [&hellip;]<\/p>\n","protected":false},"author":3,"featured_media":0,"comment_status":"open","ping_status":"open","sticky":false,"template":"","format":"standard","meta":{"footnotes":""},"categories":[16],"tags":[],"class_list":["post-40270","post","type-post","status-publish","format-standard","hentry","category-opiniones"],"_links":{"self":[{"href":"https:\/\/diariodominicano.com\/index.php?rest_route=\/wp\/v2\/posts\/40270","targetHints":{"allow":["GET"]}}],"collection":[{"href":"https:\/\/diariodominicano.com\/index.php?rest_route=\/wp\/v2\/posts"}],"about":[{"href":"https:\/\/diariodominicano.com\/index.php?rest_route=\/wp\/v2\/types\/post"}],"author":[{"embeddable":true,"href":"https:\/\/diariodominicano.com\/index.php?rest_route=\/wp\/v2\/users\/3"}],"replies":[{"embeddable":true,"href":"https:\/\/diariodominicano.com\/index.php?rest_route=%2Fwp%2Fv2%2Fcomments&post=40270"}],"version-history":[{"count":0,"href":"https:\/\/diariodominicano.com\/index.php?rest_route=\/wp\/v2\/posts\/40270\/revisions"}],"wp:attachment":[{"href":"https:\/\/diariodominicano.com\/index.php?rest_route=%2Fwp%2Fv2%2Fmedia&parent=40270"}],"wp:term":[{"taxonomy":"category","embeddable":true,"href":"https:\/\/diariodominicano.com\/index.php?rest_route=%2Fwp%2Fv2%2Fcategories&post=40270"},{"taxonomy":"post_tag","embeddable":true,"href":"https:\/\/diariodominicano.com\/index.php?rest_route=%2Fwp%2Fv2%2Ftags&post=40270"}],"curies":[{"name":"wp","href":"https:\/\/api.w.org\/{rel}","templated":true}]}}