{"id":402625,"date":"2022-12-09T00:14:05","date_gmt":"2022-12-09T04:14:05","guid":{"rendered":"http:\/\/diariodominicano.com\/?p=402625"},"modified":"2022-12-09T00:14:05","modified_gmt":"2022-12-09T04:14:05","slug":"policia-de-haiti-transfiere-investigacion-de-magnicidio-a-la-justicia","status":"publish","type":"post","link":"https:\/\/diariodominicano.com\/?p=402625","title":{"rendered":"Polic\u00eda de Hait\u00ed transfiere investigaci\u00f3n de magnicidio a la justicia"},"content":{"rendered":"\n<p>Puerto Pr\u00edncipe, 8 dic (Prensa Latina) Diecisiete meses despu\u00e9s del asesinato del presidente Jovenel Mo\u00efse, la Inspecci\u00f3n General de la Polic\u00eda Nacional de Hait\u00ed traslad\u00f3 su informe de investigaci\u00f3n al Ministerio de Justicia, confirm\u00f3 hoy una fuente oficial.&nbsp;&nbsp;&nbsp;&nbsp;<\/p>\n\n\n\n<ul class=\"wp-block-list\"><li>diciembre 8, 2022<\/li><li>CST13:34 (GMT) -0500<\/li><\/ul>\n\n\n\n<p>El vocero policial, Gary Desrosiers, precis\u00f3 que corresponde ahora a la justicia dar seguimiento administrativo al expediente.<\/p>\n\n\n\n<p>La investigaci\u00f3n del magnicidio sufri\u00f3 altibajos desde su apertura en julio de 2021, luego que Mo\u00efse recibiera al menos 12 disparos en su residencia de Pelerin en esta capital, supuestamente a manos de un comando integrado por exmilitares colombianos.<\/p>\n\n\n\n<p>Al menos cinco jueces de instrucci\u00f3n tuvieron a su cargo el archivo, tres de ellos renunciaron por preocupaciones con la seguridad y otro fue despedido tras acusaciones de corrupci\u00f3n.<\/p>\n\n\n\n<p>A mediados de este a\u00f1o el juez Walther Wesser Voltaire asumi\u00f3 la pesquisa, entrevist\u00f3 a varios sospechosos y emiti\u00f3 declaraciones, sin embargo, la familia del exmandatario pidi\u00f3 esta semana su recusaci\u00f3n.<\/p>\n\n\n\n<p>De acuerdo con la ex primera dama Martine \u00c9tienne el magistrado tiene v\u00ednculos con varios presuntos implicados y debe abandonar la investigaci\u00f3n.<\/p>\n\n\n\n<p>En Estados Unidos al menos tres sospechosos fueron imputados en relaci\u00f3n con el asesinato, entre ellos el exmilitar colombiano Marco Antonio Palacios y el empresario Rodolphe Jaar, quienes confesaron ser parte del complot.<\/p>\n\n\n\n<p>En Hait\u00ed, en cambio, las 40 personas que permanecen detenidas en la Penitenciar\u00eda Nacional a\u00fan no fueron acusados formalmente y denunciaron violaci\u00f3n de los derechos humanos y falta de acceso a la justicia.<\/p>\n\n\n\n<p>Como el magnicidio, los cr\u00edmenes de alto perfil cometidos en el pa\u00eds durante las dos \u00faltimas d\u00e9cadas contin\u00faan sin resolverse, denunci\u00f3 la estatal Oficina de Protecci\u00f3n del Ciudadano que pidi\u00f3 asistencia internacional para la investigaci\u00f3n.<\/p>\n\n\n\n<p>Varios sectores coincidieron en la necesidad de que Naciones Unidas intervenga para llevar adelante la pesquisa que sigue inconclusa por el momento.<\/p>\n\n\n\n<p>rgh\/\/ane<\/p>\n","protected":false},"excerpt":{"rendered":"<p>Puerto Pr\u00edncipe, 8 dic (Prensa Latina) Diecisiete meses despu\u00e9s del asesinato del presidente Jovenel Mo\u00efse, la Inspecci\u00f3n General de la Polic\u00eda Nacional de Hait\u00ed traslad\u00f3 su informe de investigaci\u00f3n al Ministerio de Justicia, confirm\u00f3 hoy una fuente oficial.&nbsp;&nbsp;&nbsp;&nbsp; diciembre 8, 2022 CST13:34 (GMT) -0500 El vocero policial, Gary Desrosiers, precis\u00f3 que corresponde ahora a la [&hellip;]<\/p>\n","protected":false},"author":28,"featured_media":402626,"comment_status":"closed","ping_status":"","sticky":true,"template":"","format":"standard","meta":{"footnotes":""},"categories":[24,29,27],"tags":[],"class_list":["post-402625","post","type-post","status-publish","format-standard","has-post-thumbnail","hentry","category-justicia-y-derecho","category-policiasucesos","category-portada"],"_links":{"self":[{"href":"https:\/\/diariodominicano.com\/index.php?rest_route=\/wp\/v2\/posts\/402625","targetHints":{"allow":["GET"]}}],"collection":[{"href":"https:\/\/diariodominicano.com\/index.php?rest_route=\/wp\/v2\/posts"}],"about":[{"href":"https:\/\/diariodominicano.com\/index.php?rest_route=\/wp\/v2\/types\/post"}],"author":[{"embeddable":true,"href":"https:\/\/diariodominicano.com\/index.php?rest_route=\/wp\/v2\/users\/28"}],"replies":[{"embeddable":true,"href":"https:\/\/diariodominicano.com\/index.php?rest_route=%2Fwp%2Fv2%2Fcomments&post=402625"}],"version-history":[{"count":1,"href":"https:\/\/diariodominicano.com\/index.php?rest_route=\/wp\/v2\/posts\/402625\/revisions"}],"predecessor-version":[{"id":402627,"href":"https:\/\/diariodominicano.com\/index.php?rest_route=\/wp\/v2\/posts\/402625\/revisions\/402627"}],"wp:featuredmedia":[{"embeddable":true,"href":"https:\/\/diariodominicano.com\/index.php?rest_route=\/wp\/v2\/media\/402626"}],"wp:attachment":[{"href":"https:\/\/diariodominicano.com\/index.php?rest_route=%2Fwp%2Fv2%2Fmedia&parent=402625"}],"wp:term":[{"taxonomy":"category","embeddable":true,"href":"https:\/\/diariodominicano.com\/index.php?rest_route=%2Fwp%2Fv2%2Fcategories&post=402625"},{"taxonomy":"post_tag","embeddable":true,"href":"https:\/\/diariodominicano.com\/index.php?rest_route=%2Fwp%2Fv2%2Ftags&post=402625"}],"curies":[{"name":"wp","href":"https:\/\/api.w.org\/{rel}","templated":true}]}}