{"id":40259,"date":"2020-01-22T10:51:42","date_gmt":"2020-01-22T10:51:42","guid":{"rendered":"http:\/\/diariodominicano.ddns.net\/?p=40259"},"modified":"2020-01-22T10:51:42","modified_gmt":"2020-01-22T10:51:42","slug":"similitudes-entre-1994-y-2020","status":"publish","type":"post","link":"https:\/\/diariodominicano.com\/?p=40259","title":{"rendered":"&#13;Similitudes entre 1994 y 2020"},"content":{"rendered":"<p><body><\/p>\n<p><strong>Por Nelson Encarnaci\u00f3n<\/strong><\/p>\n<p><strong> <\/strong><\/p>\n<p><strong>Similitudes entre 1994 y 2020<\/strong><\/p>\n<\/p>\n<p>Es posible que el noventa por ciento de los dominicanos no recuerde ya c\u00f3mo se fueron gestando los problemas alrededor del proceso electoral de 1994 que vinieron a culminar con el estallido de uno de los episodios m\u00e1s sombr\u00edos para la democracia de nuestro pa\u00eds en muchas d\u00e9cadas.<\/p>\n<\/p>\n<p>La crisis de aquel proceso, que estuvo a punto de embarcarnos en un conflicto de gran calado, no cay\u00f3 del cielo ni fue obra de un solo d\u00eda ni de un solo problema ni un solo hombre, y ni siquiera de una sola situaci\u00f3n.<\/p>\n<\/p>\n<p>M\u00e1s bien fue obra de una sola componenda, cuyo designio era evitar a toda costa que Jos\u00e9 Francisco Pe\u00f1a G\u00f3mez, entonces l\u00edder verdadero de un verdadero Partido Revolucionario Dominicano?no de una entelequia propicia para armar negocios particulares?llegase a la Presidencia de la Rep\u00fablica.<\/p>\n<\/p>\n<p>Y la componenda ten\u00eda que articularse en la Junta Central Electoral, cuya composici\u00f3n entonces daba la medida de todas las travesuras posibles, a pesar de estar presidida por un hombre de reconocida probidad profesional y personal, el doctor Manuel Rafael Garc\u00eda Lizardo.<\/p>\n<\/p>\n<p>\u00bfC\u00f3mo se mov\u00edan las cuestiones al interior de la Junta? Garc\u00eda Lizardo era rey pero no reinaba. El grueso de las responsabilidades dirigidas a poner en marcha la trama lo llevaba el doctor Leonardo Matos Berrido.<\/p>\n<\/p>\n<p>\u00bfD\u00f3nde est\u00e1 el parecido entre 1994 y el momento que estamos viviendo? Lo explico.<\/p>\n<\/p>\n<p>En aquella urdimbre, la JCE mantuvo la actitud de negar todos los pedimentos de la oposici\u00f3n, sin importar la pertinencia de los mismos, pues al parecer formaba parte del tinglado, con la agravante de que no se preocupaba por ocultarlo.<\/p>\n<\/p>\n<p>\u00bfEstamos en presencia de algo similar? No lo sabemos. Pero s\u00ed estamos conscientes de que el accionar de la composici\u00f3n actual de la Junta pudiera empujarnos a situaciones lamentables, desde el momento en que deja la impresi\u00f3n de que trabaja para beneficiar a uno de los actores?siempre el Gobierno?al empecinarse en atender s\u00f3lo a los criterios del oficialismo.<\/p>\n<\/p>\n<p>Su \u00faltima evidencia ha sido el cambio de su propio criterio para asignar las casillas de los partidos en la boleta electoral, contraviniendo una decisi\u00f3n anterior que se bas\u00f3 en la aplicaci\u00f3n de un elemental\u00edsimo promedio de resultados en los tres niveles de elecci\u00f3n donde el Partido Reformista Social Cristiano (PRSC) obtuvo m\u00e1s de 270,000 votos sobre el PRD.<\/p>\n<\/p>\n<p>Si en 1994 la JCE jug\u00f3 a favor de la determinaci\u00f3n del presidente Joaqu\u00edn Balaguer de cerrarle el paso a Pe\u00f1a G\u00f3mez, en la actualidad parecer\u00eda operar para beneficiar la fijaci\u00f3n mental del presidente Danilo Medina contra Leonel Fern\u00e1ndez, y de paso sepultar su propio prestigio. El Gobierno maquina y la JCE complace.    <\/p>\n<\/p>\n<p>Nelsonencar10@gmail.com<\/p>\n<h6> 2020-01-22 10:51:42 <\/h6>\n<p><!--\n<link rel=\"stylesheet\" href=\"css\/bootstrap.min.css\">\n\n\n<ul class=\"pagination\">\n\t    \n\t\n\n<li >\n\t<a href='?page_no=348'>Previous<\/a>\n\t<\/li>\n\n\n       \n    \n\n<li><a href='?page_no=1'>1<\/a><\/li>\n\n\n\n<li><a href='?page_no=2'>2<\/a><\/li>\n\n\n\n<li><a>...<\/a><\/li>\n\n\n\n<li><a href='?page_no=347'>347<\/a><\/li>\n\n\n\n<li><a href='?page_no=348'>348<\/a><\/li>\n\n\n\n<li class='active'><a>349<\/a><\/li>\n\n\n\n<li><a href='?page_no=350'>350<\/a><\/li>\n\n\n\n<li><a href='?page_no=351'>351<\/a><\/li>\n\n\n\n<li><a>...<\/a><\/li>\n\n\n\n<li><a href='?page_no=13611'>13611<\/a><\/li>\n\n\n\n<li><a href='?page_no=13612'>13612<\/a><\/li>\n\n    \n\t\n\n<li >\n\t<a href='?page_no=350'>Next<\/a>\n\t<\/li>\n\n\n    \n\n<li><a href='?page_no=13612'>Last &rsaquo;&rsaquo;<\/a><\/li>\n\n<\/ul>\n\n\n--><br \/>\n<\/body><\/p>\n","protected":false},"excerpt":{"rendered":"<p>Por Nelson Encarnaci\u00f3n Similitudes entre 1994 y 2020 Es posible que el noventa por ciento de los dominicanos no recuerde ya c\u00f3mo se fueron gestando los problemas alrededor del proceso electoral de 1994 que vinieron a culminar con el estallido de uno de los episodios m\u00e1s sombr\u00edos para la democracia de nuestro pa\u00eds en muchas [&hellip;]<\/p>\n","protected":false},"author":3,"featured_media":0,"comment_status":"open","ping_status":"open","sticky":false,"template":"","format":"standard","meta":{"footnotes":""},"categories":[16],"tags":[],"class_list":["post-40259","post","type-post","status-publish","format-standard","hentry","category-opiniones"],"_links":{"self":[{"href":"https:\/\/diariodominicano.com\/index.php?rest_route=\/wp\/v2\/posts\/40259","targetHints":{"allow":["GET"]}}],"collection":[{"href":"https:\/\/diariodominicano.com\/index.php?rest_route=\/wp\/v2\/posts"}],"about":[{"href":"https:\/\/diariodominicano.com\/index.php?rest_route=\/wp\/v2\/types\/post"}],"author":[{"embeddable":true,"href":"https:\/\/diariodominicano.com\/index.php?rest_route=\/wp\/v2\/users\/3"}],"replies":[{"embeddable":true,"href":"https:\/\/diariodominicano.com\/index.php?rest_route=%2Fwp%2Fv2%2Fcomments&post=40259"}],"version-history":[{"count":0,"href":"https:\/\/diariodominicano.com\/index.php?rest_route=\/wp\/v2\/posts\/40259\/revisions"}],"wp:attachment":[{"href":"https:\/\/diariodominicano.com\/index.php?rest_route=%2Fwp%2Fv2%2Fmedia&parent=40259"}],"wp:term":[{"taxonomy":"category","embeddable":true,"href":"https:\/\/diariodominicano.com\/index.php?rest_route=%2Fwp%2Fv2%2Fcategories&post=40259"},{"taxonomy":"post_tag","embeddable":true,"href":"https:\/\/diariodominicano.com\/index.php?rest_route=%2Fwp%2Fv2%2Ftags&post=40259"}],"curies":[{"name":"wp","href":"https:\/\/api.w.org\/{rel}","templated":true}]}}