{"id":402502,"date":"2022-12-08T15:31:08","date_gmt":"2022-12-08T19:31:08","guid":{"rendered":"http:\/\/diariodominicano.com\/?p=402502"},"modified":"2022-12-08T15:31:08","modified_gmt":"2022-12-08T19:31:08","slug":"conmemoran-aniversario-210-de-la-ciudad-cubana-de-sagua-la-grande","status":"publish","type":"post","link":"https:\/\/diariodominicano.com\/?p=402502","title":{"rendered":"Conmemoran aniversario 210 de la ciudad cubana de Sagua la Grande"},"content":{"rendered":"\n<p>Santa Clara, Cuba, 8 dic (Prensa Latina) El aniversario 210 de la fundaci\u00f3n de la Ciudad de Sagua la Grande fue conmemorado hoy en la llamada Villa del Undoso de la provincia central cubana de Villa Clara.&nbsp;&nbsp;&nbsp;&nbsp;<\/p>\n\n\n\n<ul class=\"wp-block-list\"><li>diciembre 8, 2022<\/li><li>CST13:49 (GMT) -0500<\/li><\/ul>\n\n\n\n<p>La plaza Wifredo Lam, que honra la memoria del excelso pintor surrealista, nacido coincidentemente en esta ciudad un 8 de diciembre, pero de 1902, fue sede de la actividad conmemorativa.<\/p>\n\n\n\n<p>En la reci\u00e9n restaurada plaza, donde aparecen obras de uno de los pintores m\u00e1s universales de la mayor de las Antillas y quien introdujo la cultura negra en la pintura cubana, se efectu\u00f3 una asamblea solemne para la entrega distinciones como el Escudo de la ciudad e Hijo Ilustre a personalidades destacadas.<\/p>\n\n\n\n<p>Se record\u00f3 en la celebraci\u00f3n de la efem\u00e9ride que el nacimiento de la ciudad de Sagua la Grande se produjo cuando el 8 de diciembre de 1812 fue inaugurada y abierta al p\u00fablico una ermita de madera erigida donde est\u00e1 hoy el parque central de la urbe.<\/p>\n\n\n\n<p>Como parte de las actividades de hoy, el hijo ilustre de Sagua la Grande y destacado historiador, doctor Ra\u00fal Villavicencio, realiz\u00f3 la siembra de un \u00e1rbol como continuidad del s\u00edmbolo de la ciudad.<\/p>\n\n\n\n<p>Presidieron las actividades conmemorativas el comandante del Ej\u00e9rcito Rebelde V\u00edctor Dreke, exdiplom\u00e1tico y segundo al mando en 1965 de la guerrilla del Che Guevara en el Congo, y el gobernador de Villa Clara, Alberto Lopez.<\/p>\n\n\n\n<p>rgh\/jfd<\/p>\n","protected":false},"excerpt":{"rendered":"<p>Santa Clara, Cuba, 8 dic (Prensa Latina) El aniversario 210 de la fundaci\u00f3n de la Ciudad de Sagua la Grande fue conmemorado hoy en la llamada Villa del Undoso de la provincia central cubana de Villa Clara.&nbsp;&nbsp;&nbsp;&nbsp; diciembre 8, 2022 CST13:49 (GMT) -0500 La plaza Wifredo Lam, que honra la memoria del excelso pintor surrealista, [&hellip;]<\/p>\n","protected":false},"author":28,"featured_media":0,"comment_status":"closed","ping_status":"","sticky":false,"template":"","format":"standard","meta":{"footnotes":""},"categories":[36,26],"tags":[],"class_list":["post-402502","post","type-post","status-publish","format-standard","hentry","category-hombresmujeresycosas","category-efemerides"],"_links":{"self":[{"href":"https:\/\/diariodominicano.com\/index.php?rest_route=\/wp\/v2\/posts\/402502","targetHints":{"allow":["GET"]}}],"collection":[{"href":"https:\/\/diariodominicano.com\/index.php?rest_route=\/wp\/v2\/posts"}],"about":[{"href":"https:\/\/diariodominicano.com\/index.php?rest_route=\/wp\/v2\/types\/post"}],"author":[{"embeddable":true,"href":"https:\/\/diariodominicano.com\/index.php?rest_route=\/wp\/v2\/users\/28"}],"replies":[{"embeddable":true,"href":"https:\/\/diariodominicano.com\/index.php?rest_route=%2Fwp%2Fv2%2Fcomments&post=402502"}],"version-history":[{"count":1,"href":"https:\/\/diariodominicano.com\/index.php?rest_route=\/wp\/v2\/posts\/402502\/revisions"}],"predecessor-version":[{"id":402503,"href":"https:\/\/diariodominicano.com\/index.php?rest_route=\/wp\/v2\/posts\/402502\/revisions\/402503"}],"wp:attachment":[{"href":"https:\/\/diariodominicano.com\/index.php?rest_route=%2Fwp%2Fv2%2Fmedia&parent=402502"}],"wp:term":[{"taxonomy":"category","embeddable":true,"href":"https:\/\/diariodominicano.com\/index.php?rest_route=%2Fwp%2Fv2%2Fcategories&post=402502"},{"taxonomy":"post_tag","embeddable":true,"href":"https:\/\/diariodominicano.com\/index.php?rest_route=%2Fwp%2Fv2%2Ftags&post=402502"}],"curies":[{"name":"wp","href":"https:\/\/api.w.org\/{rel}","templated":true}]}}