{"id":402298,"date":"2022-12-07T22:58:06","date_gmt":"2022-12-08T02:58:06","guid":{"rendered":"http:\/\/diariodominicano.com\/?p=402298"},"modified":"2022-12-07T22:58:06","modified_gmt":"2022-12-08T02:58:06","slug":"prision-preventiva-para-hombre-que-atropello-a-otro-dejandolo-sin-vida-en-el-pavimento-y-a-otro-que-se-inculpo-del-hecho","status":"publish","type":"post","link":"https:\/\/diariodominicano.com\/?p=402298","title":{"rendered":"Prisi\u00f3n preventiva para hombre que\u00a0 atropell\u00f3 a otro, dej\u00e1ndolo sin vida en el pavimento y a otro que se inculp\u00f3 del hecho"},"content":{"rendered":"\n<p><\/p>\n\n\n\n<p>SANTO DOMINGO, Rep\u00fablica Dominicana.- A solicitud del Ministerio P\u00fablico, un tribunal impuso dos meses de prisi\u00f3n preventiva a un hombre que atropell\u00f3 a una persona en la avenida Duarte, sali\u00f3 huyendo del lugar y luego minti\u00f3 a la autoridad al presentar como responsable a otro, quien tambi\u00e9n cumplir\u00e1 la misma medida coerci\u00f3n por cometer perjurio.<\/p>\n\n\n\n<p>El \u00f3rgano de justicia representado por los fiscales Obidio C\u00e1rdenes Ventura y Rolando Lima Tapia, de la Casa del Conductor del Distrito Nacional, mostr\u00f3 a la juez Emely Bruno, del Tribunal Especial de Tr\u00e1nsito, el riesgo de que los imputados Elvis Manuel Santos Alc\u00e1ntara y Eick Rafael Peralta&nbsp; puedan sustraerse del proceso de no contar con la prisi\u00f3n preventiva como medida preventiva, por el hecho cometido en contra del ciudadano haitiano Elma Avener.<\/p>\n\n\n\n<p>El expediente explica que Santos Alc\u00e1ntara conduc\u00eda la jeepeta marca Mercedes Benz, color negro, modelo GL AMG 4WD, a\u00f1o 2017, por la avenida Duarte, cuando a las 4:30 de la madrugada impact\u00f3 al se\u00f1or Avener, quien se desplazaba en una motocicleta Bajaj Modelo Platina. Con el imputado viajaba la se\u00f1orita Massiel Altagracia Peralta.<\/p>\n\n\n\n<p>Luego de cometer el hecho, Santos Alc\u00e1ntara y Peralta huyeron de la escena, buscaron a un motoconchista y dejaron a \u201cla v\u00edctima destrozada en el pavimento\u201d.<\/p>\n\n\n\n<p>El Ministerio P\u00fablico indica que el imputado arm\u00f3 \u201cuna especie de conspiraci\u00f3n\u201d, al buscar al joven Erick Rafel Peralta Ortega para que se presentara como responsable del accidente ante la Polic\u00eda Nacional, el Ministerio P\u00fablico e incluso ante la sociedad en general.<\/p>\n\n\n\n<p>Peralta Ortega asumi\u00f3 ante la autoridad, e incluso ante miembros de la prensa, la responsabilidad en el accidente en el que la v\u00edctima perdi\u00f3 la vida.<\/p>\n\n\n\n<p>El \u00f3rgano de la persecuci\u00f3n penal otorga al caso la calificaci\u00f3n provisional de violaci\u00f3n de los art\u00edculos 300 (numeral 3), 303 (numeral 5), 304 (numeral 2), 306 (p\u00e1rrafo), 308, 309 y 310 de la Ley 63-17, sobre Movilidad, Transporte y Seguridad Vial de Rep\u00fablica Dominicana.<\/p>\n\n\n\n<p>Los citados art\u00edculos tipifican las infracciones graves, la muerte de una persona, la conducci\u00f3n a exceso de velocidad, fuga del lugar del hecho, informaci\u00f3n falsa y el abandono de la v\u00edctima en medio de la calle sin prestarle auxilio y sin informar a la autoridad.<\/p>\n\n\n\n<p>Tambi\u00e9n se le imputa la violaci\u00f3n del art\u00edculo 361 (numeral 4, letra E), del C\u00f3digo Penal Dominicano, que tipifica el perjurio.<\/p>\n\n\n\n<p>Por disposici\u00f3n del tribunal, ambos imputados cumplir\u00e1n la medida en el Centro de Correcci\u00f3n y Rehabilitaci\u00f3n Najayo Hombres, en San Crist\u00f3bal.<\/p>\n\n\n\n<p><strong>Direcci\u00f3n de Comunicaci\u00f3n y Prensa<\/strong><\/p>\n\n\n\n<p><strong>Procuradur\u00eda General-Ministerio P\u00fablico RD<\/strong><\/p>\n\n\n\n<p><strong>Mi\u00e9rcoles, 7 de diciembre del 2022<\/strong><\/p>\n","protected":false},"excerpt":{"rendered":"<p>SANTO DOMINGO, Rep\u00fablica Dominicana.- A solicitud del Ministerio P\u00fablico, un tribunal impuso dos meses de prisi\u00f3n preventiva a un hombre que atropell\u00f3 a una persona en la avenida Duarte, sali\u00f3 huyendo del lugar y luego minti\u00f3 a la autoridad al presentar como responsable a otro, quien tambi\u00e9n cumplir\u00e1 la misma medida coerci\u00f3n por cometer perjurio. [&hellip;]<\/p>\n","protected":false},"author":28,"featured_media":265615,"comment_status":"closed","ping_status":"","sticky":true,"template":"","format":"standard","meta":{"footnotes":""},"categories":[24,29,27],"tags":[],"class_list":["post-402298","post","type-post","status-publish","format-standard","has-post-thumbnail","hentry","category-justicia-y-derecho","category-policiasucesos","category-portada"],"_links":{"self":[{"href":"https:\/\/diariodominicano.com\/index.php?rest_route=\/wp\/v2\/posts\/402298","targetHints":{"allow":["GET"]}}],"collection":[{"href":"https:\/\/diariodominicano.com\/index.php?rest_route=\/wp\/v2\/posts"}],"about":[{"href":"https:\/\/diariodominicano.com\/index.php?rest_route=\/wp\/v2\/types\/post"}],"author":[{"embeddable":true,"href":"https:\/\/diariodominicano.com\/index.php?rest_route=\/wp\/v2\/users\/28"}],"replies":[{"embeddable":true,"href":"https:\/\/diariodominicano.com\/index.php?rest_route=%2Fwp%2Fv2%2Fcomments&post=402298"}],"version-history":[{"count":1,"href":"https:\/\/diariodominicano.com\/index.php?rest_route=\/wp\/v2\/posts\/402298\/revisions"}],"predecessor-version":[{"id":402299,"href":"https:\/\/diariodominicano.com\/index.php?rest_route=\/wp\/v2\/posts\/402298\/revisions\/402299"}],"wp:featuredmedia":[{"embeddable":true,"href":"https:\/\/diariodominicano.com\/index.php?rest_route=\/wp\/v2\/media\/265615"}],"wp:attachment":[{"href":"https:\/\/diariodominicano.com\/index.php?rest_route=%2Fwp%2Fv2%2Fmedia&parent=402298"}],"wp:term":[{"taxonomy":"category","embeddable":true,"href":"https:\/\/diariodominicano.com\/index.php?rest_route=%2Fwp%2Fv2%2Fcategories&post=402298"},{"taxonomy":"post_tag","embeddable":true,"href":"https:\/\/diariodominicano.com\/index.php?rest_route=%2Fwp%2Fv2%2Ftags&post=402298"}],"curies":[{"name":"wp","href":"https:\/\/api.w.org\/{rel}","templated":true}]}}